{"id":173712,"date":"2019-04-02T16:48:55","date_gmt":"2019-04-02T19:48:55","guid":{"rendered":"https:\/\/www.redenoticia.com.br\/noticia\/?p=173712"},"modified":"2019-04-02T16:48:58","modified_gmt":"2019-04-02T19:48:58","slug":"resumo-novela-as-aventuras-de-poliana-03-04-luisa-descobre-que-os-seus-quadros-sumiram","status":"publish","type":"post","link":"https:\/\/migracao.redenoticia.com.br\/noticia\/2019\/resumo-novela-as-aventuras-de-poliana-03-04-luisa-descobre-que-os-seus-quadros-sumiram\/173712","title":{"rendered":"Resumo novela \u201cAs Aventuras de Poliana\u201d 03\/04: Lu\u00edsa descobre que os seus quadros sumiram"},"content":{"rendered":"<p><strong><em><img loading=\"lazy\" decoding=\"async\" class=\"aligncenter size-large wp-image-148662\" src=\"https:\/\/migracao.redenoticia.com.br\/noticia\/imagens\/as-aventuras-de-poliana-novela-400x267.jpg\" alt=\"\" width=\"400\" height=\"267\" srcset=\"https:\/\/migracao.redenoticia.com.br\/noticia\/imagens\/as-aventuras-de-poliana-novela-400x267.jpg 400w, https:\/\/migracao.redenoticia.com.br\/noticia\/imagens\/as-aventuras-de-poliana-novela-250x167.jpg 250w, https:\/\/migracao.redenoticia.com.br\/noticia\/imagens\/as-aventuras-de-poliana-novela-150x100.jpg 150w, https:\/\/migracao.redenoticia.com.br\/noticia\/imagens\/as-aventuras-de-poliana-novela.jpg 600w\" sizes=\"auto, (max-width: 400px) 100vw, 400px\" \/>Resumo novela \u201cAs Aventuras de Poliana\u201d 03\/04 <\/em><\/strong>: no cap\u00edtulo 231(*) da novela, resumo de quarta-feira, 03 de abril, Ant\u00f4nio come\u00e7a a desconfiar de Waldisney. Vin\u00edcius vai \u00e0 casa de Mirela pedir um casaco que encomendou com Branca \u2013 para presentear Gabi. Vestidos de ca\u00e7a-fantasmas, o clubinho vai \u00e0 escola \u00e0 noite para tentarem encontrar o \u201cfantasma do Vitinho\u201d. Poliana vai visitar Branca e diz que sente muito sua falta. Raquel desabafa com Mirela sobre o que Durval falou \u00e0 Guilherme. Vini prepara um jantar para Gabi e Arlete e Lindomar o ajudam.<\/p>\n<p>Gabi chega, superfeliz. Bento vai dormir na casa de Kessya por que Marlos ficou no hospital. Por falta de espa\u00e7o, Gui resolve ir embora. O clubinho desbrava a escola. Durval e Claudia d\u00e3o falta das crian\u00e7as. Lu\u00edsa conta a Ant\u00f4nio que a pol\u00edcia encontrou o caminh\u00e3o, mas que todos os seus quadros sumiram. Marcelo pensa em Lu\u00edsa. D\u00e9bora vai procur\u00e1-lo em casa para saber como ele est\u00e1 e acaba provocando-o. Ele a manda embora. Gui volta para casa. Roger o v\u00ea e humilha o filho. Vini d\u00e1 o su\u00e9ter que Branca fez de presente \u00e0 Gabi. Waldisney vai procurar Nanci e ela conta detalhes sobre o que houve com Lu\u00edsa e Marcelo.<\/p>\n<p>\u00c9ric e Hugo pregam uma pe\u00e7a nas crian\u00e7as. Gui vai \u00e0 casa de Marcelo e pede para ficar l\u00e1. Jo\u00e3o encontra o Livro da Alegria de Bento e o l\u00ea, ficando triste. Mirela, pensativa em casa, se pergunta por que est\u00e1 t\u00e3o preocupada com o jantar de Vini e Gabi. Enquanto isso, Vini pede Gabi em namoro e ela aceita. Gui passa um trote em Roger dizendo que sabe de suas arma\u00e7\u00f5es contra Lu\u00edsa e Durval.<\/p>\n<p>(*) edi\u00e7\u00e3o do SBT, Novela \u201cAs Aventuras de Poliana\u201d, sujeito a altera\u00e7\u00e3o de data e conte\u00fado.<\/p>\n<p>Poliana \u00e9 uma menina extrovertida e de bom cora\u00e7\u00e3o que viajava o Brasil com seus pais, Lorenzo e Alice, no grupo circense Trupe Vagalume. Aos onze anos a garota v\u00ea seu mundo desabar quando seus pais falecem e ela tem que ir morar em S\u00e3o Paulo com sua tia Lu\u00edsa, uma mulher rica e severa, a qual ela n\u00e3o conhecia e que n\u00e3o queria cuidar dela, embora sinta que \u00e9 sua obriga\u00e7\u00e3o pela alma de sua irm\u00e3. Apesar do jeito da rigidez da tia, Poliana decide ter uma vis\u00e3o positiva e inabal\u00e1vel da vida, mesmo nos momentos de dificuldade, tentando levar um pouco de felicidade para a vida de cada um dos seus novos amigos e vizinhos, como o Sr. Pendleton, um homem rico e infeliz por nunca ter tido filhos. Ela vai estudar no col\u00e9gio de Ruth, uma diretora de bom cora\u00e7\u00e3o que a ajuda a se adaptar, mas tem que lidar com as vilanias de Mirela, garota mais velha que n\u00e3o aceita perder a popularidade para uma novata.<\/p>\n","protected":false},"excerpt":{"rendered":"<p>Resumo novela \u201cAs Aventuras de Poliana\u201d 03\/04 : no cap\u00edtulo 231(*) da novela, resumo de quarta-feira, 03 de abril, Ant\u00f4nio come\u00e7a a desconfiar de Waldisney. Vin\u00edcius vai \u00e0 casa de Mirela pedir um casaco que encomendou com Branca \u2013 para presentear Gabi. Vestidos de ca\u00e7a-fantasmas, o clubinho vai \u00e0 escola \u00e0 noite para tentarem encontrar [&hellip;]<\/p>\n","protected":false},"author":4,"featured_media":148663,"comment_status":"open","ping_status":"closed","sticky":false,"template":"","format":"standard","meta":{"tdm_status":"","tdm_grid_status":"","footnotes":""},"categories":[477,379,372,343],"tags":[441],"class_list":{"0":"post-173712","1":"post","2":"type-post","3":"status-publish","4":"format-standard","5":"has-post-thumbnail","7":"category-as-aventuras-de-poliana","8":"category-novelas","9":"category-sbt","10":"category-televisao","11":"tag-resumo-do-dia"},"_links":{"self":[{"href":"https:\/\/migracao.redenoticia.com.br\/noticia\/wp-json\/wp\/v2\/posts\/173712","targetHints":{"allow":["GET"]}}],"collection":[{"href":"https:\/\/migracao.redenoticia.com.br\/noticia\/wp-json\/wp\/v2\/posts"}],"about":[{"href":"https:\/\/migracao.redenoticia.com.br\/noticia\/wp-json\/wp\/v2\/types\/post"}],"author":[{"embeddable":true,"href":"https:\/\/migracao.redenoticia.com.br\/noticia\/wp-json\/wp\/v2\/users\/4"}],"replies":[{"embeddable":true,"href":"https:\/\/migracao.redenoticia.com.br\/noticia\/wp-json\/wp\/v2\/comments?post=173712"}],"version-history":[{"count":0,"href":"https:\/\/migracao.redenoticia.com.br\/noticia\/wp-json\/wp\/v2\/posts\/173712\/revisions"}],"wp:featuredmedia":[{"embeddable":true,"href":"https:\/\/migracao.redenoticia.com.br\/noticia\/wp-json\/wp\/v2\/media\/148663"}],"wp:attachment":[{"href":"https:\/\/migracao.redenoticia.com.br\/noticia\/wp-json\/wp\/v2\/media?parent=173712"}],"wp:term":[{"taxonomy":"category","embeddable":true,"href":"https:\/\/migracao.redenoticia.com.br\/noticia\/wp-json\/wp\/v2\/categories?post=173712"},{"taxonomy":"post_tag","embeddable":true,"href":"https:\/\/migracao.redenoticia.com.br\/noticia\/wp-json\/wp\/v2\/tags?post=173712"}],"curies":[{"name":"wp","href":"https:\/\/api.w.org\/{rel}","templated":true}]}}