{"id":173717,"date":"2019-04-02T16:51:35","date_gmt":"2019-04-02T19:51:35","guid":{"rendered":"https:\/\/www.redenoticia.com.br\/noticia\/?p=173717"},"modified":"2019-04-02T16:51:38","modified_gmt":"2019-04-02T19:51:38","slug":"resumo-novela-a-garota-da-moto-03-04-naomi-prende-ivan-e-joana-no-cativeiro","status":"publish","type":"post","link":"https:\/\/migracao.redenoticia.com.br\/noticia\/2019\/resumo-novela-a-garota-da-moto-03-04-naomi-prende-ivan-e-joana-no-cativeiro\/173717","title":{"rendered":"Resumo novela \u201cA Garota da Moto\u201d 03\/04: Naomi prende Ivan e Joana no cativeiro"},"content":{"rendered":"<p><strong><em><img loading=\"lazy\" decoding=\"async\" class=\"aligncenter size-large wp-image-171233\" src=\"https:\/\/migracao.redenoticia.com.br\/noticia\/imagens\/a-garota-da-moto-sbt-300x300.jpg\" alt=\"\" width=\"300\" height=\"300\" srcset=\"https:\/\/migracao.redenoticia.com.br\/noticia\/imagens\/a-garota-da-moto-sbt-300x300.jpg 300w, https:\/\/migracao.redenoticia.com.br\/noticia\/imagens\/a-garota-da-moto-sbt-187x187.jpg 187w, https:\/\/migracao.redenoticia.com.br\/noticia\/imagens\/a-garota-da-moto-sbt.jpg 540w\" sizes=\"auto, (max-width: 300px) 100vw, 300px\" \/>Resumo novela \u201cA Garota da Moto\u201d 03\/04 <\/em><\/strong> no cap\u00edtulo 021(*) da novela, quarta-feira, 03 de abril, antes de matar Joana, Naomi quer ver Ivan. Inconscientemente, Naomi quer que Ivan tire ela desse inferno. Ivan vai se encontrar com Naomi e deixa claro que ele quer ficar com Joana. \u00c9 isso que move Naomi a mat\u00e1-los, Ivan tirou tudo dela e n\u00e3o quis uma fam\u00edlia com ela. Joana, que seguiu Ivan e espionava a conversa, \u00e9 descoberta por Naomi. Naomi, se sentindo exposta e tra\u00edda por Ivan, prende ele e Joana no cativeiro e vai atr\u00e1s de Nico.<\/p>\n<p>Pam pede para Li\u00e9ge para voltar a trabalhar Botec\u00e3o. Li\u00e9ge quer transformar o Botec\u00e3o em um lugar mais rom\u00e2ntico e aceita a volta de Pam para ajud\u00e1-la com isso. Fang n\u00e3o tem nenhuma paci\u00eancia com o plano das duas para o lugar. Rei e Val come\u00e7am a namorar. O tempo deles juntos acaba sendo esquisito e constrangedor, at\u00e9 que eles encontram Pam no Botec\u00e3o. Rei percebe que Pam e Val est\u00e3o pr\u00f3ximas e se incomoda com isso, principalmente com o fato de Pam parecer n\u00e3o se importar com o namoro dele.<\/p>\n<p>(*) edi\u00e7\u00e3o do SBT, Novela \u201cA Garota da Moto\u201d, sujeito a altera\u00e7\u00e3o de data e conte\u00fado.<\/p>\n<p>Sinopse \u2013 Joana vive o dia a dia fascinante e perigoso das ruas, viadutos e vias expressas de S\u00e3o Paulo sobre duas rodas. Ela \u00e9 uma motogirl que faz parte desse ex\u00e9rcito de mais de 300 mil pessoas que cruzam a cidade transportando de tudo, todos os dias, o dia inteiro. Um ex\u00e9rcito que \u00e9, como todos, predominantemente masculino. Joana \u00e9 uma exce\u00e7\u00e3o: \u00e9 mulher, jovem, bonita e acima de tudo, \u00e9 corajosa.<\/p>\n<p>Joana se tornou aventureira porque se viu acuada, tendo que defender sozinha o seu filho de oito anos, Nico, contra gente muito poderosa. Nessa jornada, ela descobre for\u00e7as que nem sabia que tinha \u2013 como acontece tantas vezes com os verdadeiros her\u00f3is.<\/p>\n","protected":false},"excerpt":{"rendered":"<p>Resumo novela \u201cA Garota da Moto\u201d 03\/04 no cap\u00edtulo 021(*) da novela, quarta-feira, 03 de abril, antes de matar Joana, Naomi quer ver Ivan. Inconscientemente, Naomi quer que Ivan tire ela desse inferno. Ivan vai se encontrar com Naomi e deixa claro que ele quer ficar com Joana. \u00c9 isso que move Naomi a mat\u00e1-los, [&hellip;]<\/p>\n","protected":false},"author":4,"featured_media":90196,"comment_status":"open","ping_status":"closed","sticky":false,"template":"","format":"standard","meta":{"tdm_status":"","tdm_grid_status":"","footnotes":""},"categories":[379,372,343],"tags":[441],"class_list":{"0":"post-173717","1":"post","2":"type-post","3":"status-publish","4":"format-standard","5":"has-post-thumbnail","7":"category-novelas","8":"category-sbt","9":"category-televisao","10":"tag-resumo-do-dia"},"_links":{"self":[{"href":"https:\/\/migracao.redenoticia.com.br\/noticia\/wp-json\/wp\/v2\/posts\/173717","targetHints":{"allow":["GET"]}}],"collection":[{"href":"https:\/\/migracao.redenoticia.com.br\/noticia\/wp-json\/wp\/v2\/posts"}],"about":[{"href":"https:\/\/migracao.redenoticia.com.br\/noticia\/wp-json\/wp\/v2\/types\/post"}],"author":[{"embeddable":true,"href":"https:\/\/migracao.redenoticia.com.br\/noticia\/wp-json\/wp\/v2\/users\/4"}],"replies":[{"embeddable":true,"href":"https:\/\/migracao.redenoticia.com.br\/noticia\/wp-json\/wp\/v2\/comments?post=173717"}],"version-history":[{"count":0,"href":"https:\/\/migracao.redenoticia.com.br\/noticia\/wp-json\/wp\/v2\/posts\/173717\/revisions"}],"wp:featuredmedia":[{"embeddable":true,"href":"https:\/\/migracao.redenoticia.com.br\/noticia\/wp-json\/wp\/v2\/media\/90196"}],"wp:attachment":[{"href":"https:\/\/migracao.redenoticia.com.br\/noticia\/wp-json\/wp\/v2\/media?parent=173717"}],"wp:term":[{"taxonomy":"category","embeddable":true,"href":"https:\/\/migracao.redenoticia.com.br\/noticia\/wp-json\/wp\/v2\/categories?post=173717"},{"taxonomy":"post_tag","embeddable":true,"href":"https:\/\/migracao.redenoticia.com.br\/noticia\/wp-json\/wp\/v2\/tags?post=173717"}],"curies":[{"name":"wp","href":"https:\/\/api.w.org\/{rel}","templated":true}]}}