{"id":173779,"date":"2019-04-03T17:03:33","date_gmt":"2019-04-03T20:03:33","guid":{"rendered":"https:\/\/www.redenoticia.com.br\/noticia\/?p=173779"},"modified":"2019-04-03T17:03:37","modified_gmt":"2019-04-03T20:03:37","slug":"resumo-novela-a-dona-04-04-valentina-encontra-ivana-inconsciente","status":"publish","type":"post","link":"https:\/\/migracao.redenoticia.com.br\/noticia\/2019\/resumo-novela-a-dona-04-04-valentina-encontra-ivana-inconsciente\/173779","title":{"rendered":"Resumo novela \u201cA Dona\u201d 04\/04: Valentina encontra Ivana inconsciente"},"content":{"rendered":"<p><img loading=\"lazy\" decoding=\"async\" class=\"aligncenter size-large wp-image-173633\" src=\"https:\/\/migracao.redenoticia.com.br\/noticia\/imagens\/a-dona-270x300.jpg\" alt=\"\" width=\"270\" height=\"300\" srcset=\"https:\/\/migracao.redenoticia.com.br\/noticia\/imagens\/a-dona-270x300.jpg 270w, https:\/\/migracao.redenoticia.com.br\/noticia\/imagens\/a-dona-168x187.jpg 168w, https:\/\/migracao.redenoticia.com.br\/noticia\/imagens\/a-dona.jpg 380w\" sizes=\"auto, (max-width: 270px) 100vw, 270px\" \/>Resumo da novela <strong><em>\u201cA Dona&#8221;<\/em><\/strong> em 04\/04: no cap\u00edtulo 004(*) da novela, quinta-feira, 04 de abril, Valentina faz a prova de seu vestido de noiva enquanto Ivana chora ao se lembrar de que Afonso n\u00e3o quer mais v\u00ea-la. Felipe, zangado, diz a Alonso que ele n\u00e3o \u00e9 o bom amigo que sempre demostrou ser, e que s\u00f3 o mandou a casa de Valentina para que n\u00e3o descobrisse que a mulher com quem estava era Ivana. Alonso responde que jamais seria capaz de trair Valentina, ainda mais com sua prima.<\/p>\n<p>Dona Isabel pergunta a Valentina se ela realmente tem certeza de seu casamento com Alonso. Ela questiona se n\u00e3o seria melhor dar um tempo para conhecer melhor o seu futuro marido. Valentina a interrompe e afirma que est\u00e1 segura de que Alonso \u00e9 o homem de sua vida. Valentina encontra Ivana inconsciente e descobre que ela tomou um vidro de rem\u00e9dios para dormir. Nero amea\u00e7a Afonso com uma arma, e diz que seu prazo para acertar \u201caquela\u201d d\u00edvida est\u00e1 acabando.<\/p>\n<p>Ivana \u00e9 levada ao hospital e Dona Isabel a acompanha. O M\u00e9dico diz que Ivana n\u00e3o corre risco de morte. Dona Isabel diz a Ivana que um homem como Alonso n\u00e3o merece tal atitude e que existem muitos que adorariam estar com Ivana, como Felipe. Benita encontra sob um m\u00f3vel do quarto de Ivana, a carta suicida da mo\u00e7a.<\/p>\n<p>(*) edi\u00e7\u00e3o do SBT, Novela \u201cA Dona\u201d, sujeito a altera\u00e7\u00e3o de data e conte\u00fado.<\/p>\n<p>Destaques<\/p>\n<p>&#8220;A Dona&#8221; &#8211; Valentina Vila\u00e7a (Lucero) \u00e9 uma mulher que tem uma grande fortuna, que seus pais deixaram para ela quando morreram em um acidente de carro. Ela tem uma mans\u00e3o na Cidade do M\u00e9xico, onde vive com sua tia Isabel Rangel de Dorantes (Silvia Pinal), e sua prima Ivana Dorantes Rangel (Gabriela Spanic) que trata Valentina com muita indiferen\u00e7a e sente inveja dela.<\/p>\n<p>Tudo muda para Valentina quando seu noivo Alonso Penalva (David Zepeda), tramando com Ivana no dia de seu casamento, a deixa esperando no altar. A partir da\u00ed, Valentina se torna uma mulher amarga, e vai para sua fazenda, no interior. Chegando l\u00e1, ela conhece seu vizinho Jos\u00e9 Miguel Montesinos (Fernando Colunga).<\/p>\n","protected":false},"excerpt":{"rendered":"<p>Resumo da novela \u201cA Dona&#8221; em 04\/04: no cap\u00edtulo 004(*) da novela, quinta-feira, 04 de abril, Valentina faz a prova de seu vestido de noiva enquanto Ivana chora ao se lembrar de que Afonso n\u00e3o quer mais v\u00ea-la. Felipe, zangado, diz a Alonso que ele n\u00e3o \u00e9 o bom amigo que sempre demostrou ser, e [&hellip;]<\/p>\n","protected":false},"author":4,"featured_media":173626,"comment_status":"open","ping_status":"closed","sticky":false,"template":"","format":"standard","meta":{"tdm_status":"","tdm_grid_status":"","footnotes":""},"categories":[379,372,343],"tags":[441],"class_list":{"0":"post-173779","1":"post","2":"type-post","3":"status-publish","4":"format-standard","5":"has-post-thumbnail","7":"category-novelas","8":"category-sbt","9":"category-televisao","10":"tag-resumo-do-dia"},"_links":{"self":[{"href":"https:\/\/migracao.redenoticia.com.br\/noticia\/wp-json\/wp\/v2\/posts\/173779","targetHints":{"allow":["GET"]}}],"collection":[{"href":"https:\/\/migracao.redenoticia.com.br\/noticia\/wp-json\/wp\/v2\/posts"}],"about":[{"href":"https:\/\/migracao.redenoticia.com.br\/noticia\/wp-json\/wp\/v2\/types\/post"}],"author":[{"embeddable":true,"href":"https:\/\/migracao.redenoticia.com.br\/noticia\/wp-json\/wp\/v2\/users\/4"}],"replies":[{"embeddable":true,"href":"https:\/\/migracao.redenoticia.com.br\/noticia\/wp-json\/wp\/v2\/comments?post=173779"}],"version-history":[{"count":0,"href":"https:\/\/migracao.redenoticia.com.br\/noticia\/wp-json\/wp\/v2\/posts\/173779\/revisions"}],"wp:featuredmedia":[{"embeddable":true,"href":"https:\/\/migracao.redenoticia.com.br\/noticia\/wp-json\/wp\/v2\/media\/173626"}],"wp:attachment":[{"href":"https:\/\/migracao.redenoticia.com.br\/noticia\/wp-json\/wp\/v2\/media?parent=173779"}],"wp:term":[{"taxonomy":"category","embeddable":true,"href":"https:\/\/migracao.redenoticia.com.br\/noticia\/wp-json\/wp\/v2\/categories?post=173779"},{"taxonomy":"post_tag","embeddable":true,"href":"https:\/\/migracao.redenoticia.com.br\/noticia\/wp-json\/wp\/v2\/tags?post=173779"}],"curies":[{"name":"wp","href":"https:\/\/api.w.org\/{rel}","templated":true}]}}