{"id":173781,"date":"2019-04-03T17:04:47","date_gmt":"2019-04-03T20:04:47","guid":{"rendered":"https:\/\/www.redenoticia.com.br\/noticia\/?p=173781"},"modified":"2019-04-03T17:04:50","modified_gmt":"2019-04-03T20:04:50","slug":"resumo-novela-as-aventuras-de-poliana-04-04-luisa-termina-seu-relacionamento-com-afonso","status":"publish","type":"post","link":"https:\/\/migracao.redenoticia.com.br\/noticia\/2019\/resumo-novela-as-aventuras-de-poliana-04-04-luisa-termina-seu-relacionamento-com-afonso\/173781","title":{"rendered":"Resumo novela \u201cAs Aventuras de Poliana\u201d 04\/04: Lu\u00edsa termina seu relacionamento com Afonso"},"content":{"rendered":"<p><strong><em><img loading=\"lazy\" decoding=\"async\" class=\"aligncenter size-large wp-image-148662\" src=\"https:\/\/migracao.redenoticia.com.br\/noticia\/imagens\/as-aventuras-de-poliana-novela-400x267.jpg\" alt=\"\" width=\"400\" height=\"267\" srcset=\"https:\/\/migracao.redenoticia.com.br\/noticia\/imagens\/as-aventuras-de-poliana-novela-400x267.jpg 400w, https:\/\/migracao.redenoticia.com.br\/noticia\/imagens\/as-aventuras-de-poliana-novela-250x167.jpg 250w, https:\/\/migracao.redenoticia.com.br\/noticia\/imagens\/as-aventuras-de-poliana-novela-150x100.jpg 150w, https:\/\/migracao.redenoticia.com.br\/noticia\/imagens\/as-aventuras-de-poliana-novela.jpg 600w\" sizes=\"auto, (max-width: 400px) 100vw, 400px\" \/>Resumo novela \u201cAs Aventuras de Poliana\u201d 04\/04 <\/em><\/strong>: no cap\u00edtulo 232(*) da novela, resumo de quinta-feira, 04 de abril, o clubinho descobre que o fantasma, na verdade, \u00e9 Hugo. Ruth, Joana, S\u00e9rgio, Claudia e Durval surpreendem as crian\u00e7as na escola. Afonso descobre que o \u201csequestro\u201d de Lu\u00edsa e Marcelo est\u00e1 na internet, e fica envergonhado. Raquel confronta Durval sobre o que ele disse \u00e0 Guilherme. Jo\u00e3o devolve o livro de Bento. Sophie evita Iuri e ele n\u00e3o entende nada. Durval reabre a padaria, mas nenhum cliente vem.<\/p>\n<p>Afonso diz a Lu\u00edsa que ele est\u00e1 sendo humilhado na internet e eles discutem. Lu\u00edsa diz que cansou e que o relacionamento entre ela e Afonso acabou. Pendleton e S\u00e9rgio v\u00e3o \u00e0 O11O apresentarem o jogo Vetherna em realidade virtual. Afonso pede calma \u00e0 Lu\u00edsa e diz que n\u00e3o quer terminar. Poliana, Jo\u00e3o, e Kessya tentam consolar Bento sobre o estado de sa\u00fade de Marlos. Roger detona o jogo e Pendleton conta a verdade sobre Vetherna.<\/p>\n<p>Raquel pede desculpas \u00e0 Guilherme e diz que quer ficar junto com ele e enfrentar tudo ao seu lado. Afonso procura Marcelo, furioso, e o enfrenta dentro da escola. Pendleton diz a S\u00e9rgio que ele deve voltar a trabalhar na O11O. Mirela organiza sua primeira reuni\u00e3o do gr\u00eamio, muito animada. Bento pede para sair do gr\u00eamio. Ruth encontra o menino triste, sentado em um banco no corredor. O celular de Roger toca e ele manda Claudia atender.<\/p>\n<p>(*) edi\u00e7\u00e3o do SBT, Novela \u201cAs Aventuras de Poliana\u201d, sujeito a altera\u00e7\u00e3o de data e conte\u00fado.<\/p>\n<p>Poliana \u00e9 uma menina extrovertida e de bom cora\u00e7\u00e3o que viajava o Brasil com seus pais, Lorenzo e Alice, no grupo circense Trupe Vagalume. Aos onze anos a garota v\u00ea seu mundo desabar quando seus pais falecem e ela tem que ir morar em S\u00e3o Paulo com sua tia Lu\u00edsa, uma mulher rica e severa, a qual ela n\u00e3o conhecia e que n\u00e3o queria cuidar dela, embora sinta que \u00e9 sua obriga\u00e7\u00e3o pela alma de sua irm\u00e3. Apesar do jeito da rigidez da tia, Poliana decide ter uma vis\u00e3o positiva e inabal\u00e1vel da vida, mesmo nos momentos de dificuldade, tentando levar um pouco de felicidade para a vida de cada um dos seus novos amigos e vizinhos, como o Sr. Pendleton, um homem rico e infeliz por nunca ter tido filhos. Ela vai estudar no col\u00e9gio de Ruth, uma diretora de bom cora\u00e7\u00e3o que a ajuda a se adaptar, mas tem que lidar com as vilanias de Mirela, garota mais velha que n\u00e3o aceita perder a popularidade para uma novata.<\/p>\n","protected":false},"excerpt":{"rendered":"<p>Resumo novela \u201cAs Aventuras de Poliana\u201d 04\/04 : no cap\u00edtulo 232(*) da novela, resumo de quinta-feira, 04 de abril, o clubinho descobre que o fantasma, na verdade, \u00e9 Hugo. Ruth, Joana, S\u00e9rgio, Claudia e Durval surpreendem as crian\u00e7as na escola. Afonso descobre que o \u201csequestro\u201d de Lu\u00edsa e Marcelo est\u00e1 na internet, e fica envergonhado. [&hellip;]<\/p>\n","protected":false},"author":4,"featured_media":148663,"comment_status":"open","ping_status":"closed","sticky":false,"template":"","format":"standard","meta":{"tdm_status":"","tdm_grid_status":"","footnotes":""},"categories":[477,379,372,343],"tags":[441],"class_list":{"0":"post-173781","1":"post","2":"type-post","3":"status-publish","4":"format-standard","5":"has-post-thumbnail","7":"category-as-aventuras-de-poliana","8":"category-novelas","9":"category-sbt","10":"category-televisao","11":"tag-resumo-do-dia"},"_links":{"self":[{"href":"https:\/\/migracao.redenoticia.com.br\/noticia\/wp-json\/wp\/v2\/posts\/173781","targetHints":{"allow":["GET"]}}],"collection":[{"href":"https:\/\/migracao.redenoticia.com.br\/noticia\/wp-json\/wp\/v2\/posts"}],"about":[{"href":"https:\/\/migracao.redenoticia.com.br\/noticia\/wp-json\/wp\/v2\/types\/post"}],"author":[{"embeddable":true,"href":"https:\/\/migracao.redenoticia.com.br\/noticia\/wp-json\/wp\/v2\/users\/4"}],"replies":[{"embeddable":true,"href":"https:\/\/migracao.redenoticia.com.br\/noticia\/wp-json\/wp\/v2\/comments?post=173781"}],"version-history":[{"count":0,"href":"https:\/\/migracao.redenoticia.com.br\/noticia\/wp-json\/wp\/v2\/posts\/173781\/revisions"}],"wp:featuredmedia":[{"embeddable":true,"href":"https:\/\/migracao.redenoticia.com.br\/noticia\/wp-json\/wp\/v2\/media\/148663"}],"wp:attachment":[{"href":"https:\/\/migracao.redenoticia.com.br\/noticia\/wp-json\/wp\/v2\/media?parent=173781"}],"wp:term":[{"taxonomy":"category","embeddable":true,"href":"https:\/\/migracao.redenoticia.com.br\/noticia\/wp-json\/wp\/v2\/categories?post=173781"},{"taxonomy":"post_tag","embeddable":true,"href":"https:\/\/migracao.redenoticia.com.br\/noticia\/wp-json\/wp\/v2\/tags?post=173781"}],"curies":[{"name":"wp","href":"https:\/\/api.w.org\/{rel}","templated":true}]}}