{"id":173783,"date":"2019-04-03T17:06:47","date_gmt":"2019-04-03T20:06:47","guid":{"rendered":"https:\/\/www.redenoticia.com.br\/noticia\/?p=173783"},"modified":"2019-04-03T17:06:49","modified_gmt":"2019-04-03T20:06:49","slug":"resumo-novela-cumplices-de-um-resgate-04-04-regina-flagra-marina-a-sair-do-quarto-de-isabela","status":"publish","type":"post","link":"https:\/\/migracao.redenoticia.com.br\/noticia\/2019\/resumo-novela-cumplices-de-um-resgate-04-04-regina-flagra-marina-a-sair-do-quarto-de-isabela\/173783","title":{"rendered":"Resumo novela \u201cC\u00famplices de um Resgate\u201d 04\/04: Regina flagra Marina a sair do quarto de Isabela"},"content":{"rendered":"<p><img loading=\"lazy\" decoding=\"async\" class=\"aligncenter size-large wp-image-164526\" src=\"https:\/\/migracao.redenoticia.com.br\/noticia\/imagens\/cumplices-de-um-resgate-001-316x300.jpg\" alt=\"\" width=\"316\" height=\"300\" srcset=\"https:\/\/migracao.redenoticia.com.br\/noticia\/imagens\/cumplices-de-um-resgate-001-316x300.jpg 316w, https:\/\/migracao.redenoticia.com.br\/noticia\/imagens\/cumplices-de-um-resgate-001-197x187.jpg 197w, https:\/\/migracao.redenoticia.com.br\/noticia\/imagens\/cumplices-de-um-resgate-001-150x143.jpg 150w, https:\/\/migracao.redenoticia.com.br\/noticia\/imagens\/cumplices-de-um-resgate-001.jpg 526w\" sizes=\"auto, (max-width: 316px) 100vw, 316px\" \/> Resumo novela \u201cC\u00famplices de um Resgate\u201d 04\/04 : no cap\u00edtulo 064(*) da novela, quinta-feira, 04 de abril, na gravadora, as crian\u00e7as estranham o comportamento mais doce de Isabela, que na verdade \u00e9 Manuela. Joaquim toma a iniciativa de falar com a garota, o que desperta ci\u00fame em Felipe. Isabela diz para Laura que resolveu voltar para a mans\u00e3o, mas que j\u00e1 est\u00e1 indo para a gravadora. Isabela volta para o por\u00e3o. Na gravadora, as crian\u00e7as ensaiam a m\u00fasica \u201cPra Ver Se Cola\u201d. Safira diz para Priscila que ela ir\u00e1 para a Europa no dia seguinte. A menina diz que n\u00e3o quer ir. Acompanhado de D\u00f3ris e T\u00e9o, Mateus afirma que Sabrina pegou o seu rato, Tuntum.<\/p>\n<p>Fiorina tenta fazer uma missa para Manuela, mas Nina volta a discutir com devido suas diferen\u00e7as religiosas. Sabrina entrega um novo rato para Mateus, que diz que quer apenas o Tuntum. Ot\u00e1vio leva Rebeca para jantar. Safira est\u00e1 no mesmo restaurante e comenta que acha estranho uma m\u00e3e que perdeu a filha estar jantando. Ot\u00e1vio acalma Rebeca. Manuela diz para Marina que decidiu colaborar para poder sair logo dessa situa\u00e7\u00e3o e assim ajudar Isabela. Fortunato e Aurora se preparam para levar Priscila para o aeroporto, mas a garota foge. Regina flagra Marina saindo do quarto de Isabela e pergunta como ela conseguiu as chaves da casa. Ot\u00e1vio diz que ele e Safira precisam conversar.<\/p>\n<p>(*) edi\u00e7\u00e3o do SBT, Novela \u201cC\u00famplices de um Resgate\u201d, sujeito a altera\u00e7\u00e3o de data e conte\u00fado.<\/p>\n","protected":false},"excerpt":{"rendered":"<p>Resumo novela \u201cC\u00famplices de um Resgate\u201d 04\/04 : no cap\u00edtulo 064(*) da novela, quinta-feira, 04 de abril, na gravadora, as crian\u00e7as estranham o comportamento mais doce de Isabela, que na verdade \u00e9 Manuela. Joaquim toma a iniciativa de falar com a garota, o que desperta ci\u00fame em Felipe. Isabela diz para Laura que resolveu voltar [&hellip;]<\/p>\n","protected":false},"author":4,"featured_media":164526,"comment_status":"open","ping_status":"closed","sticky":false,"template":"","format":"standard","meta":{"tdm_status":"","tdm_grid_status":"","footnotes":""},"categories":[379,372,343],"tags":[441],"class_list":{"0":"post-173783","1":"post","2":"type-post","3":"status-publish","4":"format-standard","5":"has-post-thumbnail","7":"category-novelas","8":"category-sbt","9":"category-televisao","10":"tag-resumo-do-dia"},"_links":{"self":[{"href":"https:\/\/migracao.redenoticia.com.br\/noticia\/wp-json\/wp\/v2\/posts\/173783","targetHints":{"allow":["GET"]}}],"collection":[{"href":"https:\/\/migracao.redenoticia.com.br\/noticia\/wp-json\/wp\/v2\/posts"}],"about":[{"href":"https:\/\/migracao.redenoticia.com.br\/noticia\/wp-json\/wp\/v2\/types\/post"}],"author":[{"embeddable":true,"href":"https:\/\/migracao.redenoticia.com.br\/noticia\/wp-json\/wp\/v2\/users\/4"}],"replies":[{"embeddable":true,"href":"https:\/\/migracao.redenoticia.com.br\/noticia\/wp-json\/wp\/v2\/comments?post=173783"}],"version-history":[{"count":0,"href":"https:\/\/migracao.redenoticia.com.br\/noticia\/wp-json\/wp\/v2\/posts\/173783\/revisions"}],"wp:featuredmedia":[{"embeddable":true,"href":"https:\/\/migracao.redenoticia.com.br\/noticia\/wp-json\/wp\/v2\/media\/164526"}],"wp:attachment":[{"href":"https:\/\/migracao.redenoticia.com.br\/noticia\/wp-json\/wp\/v2\/media?parent=173783"}],"wp:term":[{"taxonomy":"category","embeddable":true,"href":"https:\/\/migracao.redenoticia.com.br\/noticia\/wp-json\/wp\/v2\/categories?post=173783"},{"taxonomy":"post_tag","embeddable":true,"href":"https:\/\/migracao.redenoticia.com.br\/noticia\/wp-json\/wp\/v2\/tags?post=173783"}],"curies":[{"name":"wp","href":"https:\/\/api.w.org\/{rel}","templated":true}]}}