{"id":173787,"date":"2019-04-03T17:09:04","date_gmt":"2019-04-03T20:09:04","guid":{"rendered":"https:\/\/www.redenoticia.com.br\/noticia\/?p=173787"},"modified":"2019-04-03T17:09:09","modified_gmt":"2019-04-03T20:09:09","slug":"resumo-novela-cordel-encantado-04-04-herculano-passa-o-comando-da-batalha-para-jesuino","status":"publish","type":"post","link":"https:\/\/migracao.redenoticia.com.br\/noticia\/2019\/resumo-novela-cordel-encantado-04-04-herculano-passa-o-comando-da-batalha-para-jesuino\/173787","title":{"rendered":"Resumo novela \u201cCordel Encantado\u201d 04\/04: Herculano passa o comando da batalha para Jesu\u00edno"},"content":{"rendered":"<p><img loading=\"lazy\" decoding=\"async\" class=\"aligncenter size-large wp-image-165214\" src=\"https:\/\/migracao.redenoticia.com.br\/noticia\/imagens\/cordel-004-319x300.jpg\" alt=\"\" width=\"319\" height=\"300\" srcset=\"https:\/\/migracao.redenoticia.com.br\/noticia\/imagens\/cordel-004-319x300.jpg 319w, https:\/\/migracao.redenoticia.com.br\/noticia\/imagens\/cordel-004-199x187.jpg 199w, https:\/\/migracao.redenoticia.com.br\/noticia\/imagens\/cordel-004-150x141.jpg 150w, https:\/\/migracao.redenoticia.com.br\/noticia\/imagens\/cordel-004.jpg 669w, https:\/\/migracao.redenoticia.com.br\/noticia\/imagens\/cordel-004-560x527.jpg 560w\" sizes=\"auto, (max-width: 319px) 100vw, 319px\" \/><strong><em>Resumo novela \u201cCordel Encantado\u201d 04\/04 <\/em><\/strong>: no cap\u00edtulo 057(*) da novela, resumo de quinta-feira, 04 de abril, Lilica ouve Severina e Raimundo conversando sobre o tesouro que Migu\u00e9zim escondeu. Jesu\u00edno beija Dora. A\u00e7ucena e Felipe chegam ao acampamento. Lilica conta para Tim\u00f3teo sobre o tesouro de Ser\u00e1fia e \u00darsula ouve a conversa. \u00darsula confabula com Baldini e Nicolau uma forma de pegar o tesouro de Ser\u00e1fia antes de Tim\u00f3teo. Felipe diz a Dora que se apaixonaria por ela se n\u00e3o tivesse um compromisso com a princesa.<\/p>\n<p>Jesu\u00edno e A\u00e7ucena discutem. Tim\u00f3teo decide ir \u00e0 Vila da Cruz e Baldini insiste em ir com ele. Tim\u00f3teo encontra o al\u00e7ap\u00e3o na igreja, mas Migu\u00e9zim o impede de abri-lo. Raimundo esconde as roupas da congada no mato. Carne-Seca ajuda Am\u00e1lia a fugir com Tibungo. Ant\u00f4nia beija In\u00e1cio. A\u00e7ucena fica encantada vendo Jesu\u00edno vestido para a congada. Herculano passa o comando da batalha para o filho.<\/p>\n<p>Jesu\u00edno explica o plano para invadir a fazenda de Tim\u00f3teo, que agora resolveu fechar a escola p\u00fablica de Brogod\u00f3. Carne-Seca pede perd\u00e3o a Migu\u00e9zim. Petrus confessa a Augusto seu amor por Florinda. Zig e Dulcina contam para a m\u00e3e o que descobriram sobre o pai de Nidinho. Tim\u00f3teo exonera Bator\u00e9 e manda prend\u00ea-lo com Neusa. Benvinda prende Lilica em sua casa.<\/p>\n<p>(*) edi\u00e7\u00e3o da Rede Globo, Novela \u201cCordel Encantado\u201d, sujeito a altera\u00e7\u00e3o de data e conte\u00fado.<\/p>\n<p>Sinopse \u201cCordel Encantado\u201d: Vendo o marido muito ferido, depois de mais uma terr\u00edvel batalha, a rainha Helena (Mariana Lima) vai ao castelo inimigo amaldi\u00e7oar toda a fam\u00edlia do rei Augusto. Faz isso gr\u00e1vida de In\u00e1cio (Maur\u00edcio Destri) e acompanhada de seu filho mais velho, Felipe (Jayme Matarazzo). O monarca se comove com a dor de Helena e, por sugest\u00e3o de Cristina, prop\u00f5e um acordo a Teobaldo, ferido mortalmente: seus primog\u00eanitos Aurora e Felipe devem se casar quando atingirem a maior idade, unificando e trazendo paz aos dois estados. Teobaldo aceita o acordo e morre logo depois. As duas crian\u00e7as s\u00e3o apresentadas publicamente como os futuros reis de Ser\u00e1fia.<\/p>\n<p>Seguindo a interpreta\u00e7\u00e3o on\u00edrica feita por Amadeus, uma longa viagem come\u00e7a a ser planejada. Zen\u00f3bio Alfredo (Guilherme Fontes), bot\u00e2nico de Ser\u00e1fia do Norte, que estava no Brasil envolvido com pesquisas cient\u00edficas, traz ao rei not\u00edcias de um tesouro, escondido em terras tropicais pelo fundador do reino, Dom Serafim. O bot\u00e2nico sugere que o rei financie uma expedi\u00e7\u00e3o a Brogod\u00f3, e Augusto, amante das ci\u00eancias e das aventuras, n\u00e3o s\u00f3 concorda com a ideia como faz quest\u00e3o de liderar a empreitada. O rei s\u00f3 n\u00e3o contava que sua esposa, a rainha Cristina, resolveria acompanh\u00e1-lo, levando consigo a pequena Aurora.<\/p>\n","protected":false},"excerpt":{"rendered":"<p>Resumo novela \u201cCordel Encantado\u201d 04\/04 : no cap\u00edtulo 057(*) da novela, resumo de quinta-feira, 04 de abril, Lilica ouve Severina e Raimundo conversando sobre o tesouro que Migu\u00e9zim escondeu. Jesu\u00edno beija Dora. A\u00e7ucena e Felipe chegam ao acampamento. Lilica conta para Tim\u00f3teo sobre o tesouro de Ser\u00e1fia e \u00darsula ouve a conversa. \u00darsula confabula com [&hellip;]<\/p>\n","protected":false},"author":4,"featured_media":165215,"comment_status":"open","ping_status":"closed","sticky":false,"template":"","format":"standard","meta":{"tdm_status":"","tdm_grid_status":"","footnotes":""},"categories":[535,379,375,343],"tags":[441],"class_list":{"0":"post-173787","1":"post","2":"type-post","3":"status-publish","4":"format-standard","5":"has-post-thumbnail","7":"category-cordel-encantado","8":"category-novelas","9":"category-rede-globo","10":"category-televisao","11":"tag-resumo-do-dia"},"_links":{"self":[{"href":"https:\/\/migracao.redenoticia.com.br\/noticia\/wp-json\/wp\/v2\/posts\/173787","targetHints":{"allow":["GET"]}}],"collection":[{"href":"https:\/\/migracao.redenoticia.com.br\/noticia\/wp-json\/wp\/v2\/posts"}],"about":[{"href":"https:\/\/migracao.redenoticia.com.br\/noticia\/wp-json\/wp\/v2\/types\/post"}],"author":[{"embeddable":true,"href":"https:\/\/migracao.redenoticia.com.br\/noticia\/wp-json\/wp\/v2\/users\/4"}],"replies":[{"embeddable":true,"href":"https:\/\/migracao.redenoticia.com.br\/noticia\/wp-json\/wp\/v2\/comments?post=173787"}],"version-history":[{"count":0,"href":"https:\/\/migracao.redenoticia.com.br\/noticia\/wp-json\/wp\/v2\/posts\/173787\/revisions"}],"wp:featuredmedia":[{"embeddable":true,"href":"https:\/\/migracao.redenoticia.com.br\/noticia\/wp-json\/wp\/v2\/media\/165215"}],"wp:attachment":[{"href":"https:\/\/migracao.redenoticia.com.br\/noticia\/wp-json\/wp\/v2\/media?parent=173787"}],"wp:term":[{"taxonomy":"category","embeddable":true,"href":"https:\/\/migracao.redenoticia.com.br\/noticia\/wp-json\/wp\/v2\/categories?post=173787"},{"taxonomy":"post_tag","embeddable":true,"href":"https:\/\/migracao.redenoticia.com.br\/noticia\/wp-json\/wp\/v2\/tags?post=173787"}],"curies":[{"name":"wp","href":"https:\/\/api.w.org\/{rel}","templated":true}]}}