{"id":173817,"date":"2019-04-14T19:03:40","date_gmt":"2019-04-14T22:03:40","guid":{"rendered":"https:\/\/www.redenoticia.com.br\/noticia\/?p=173817"},"modified":"2019-04-14T19:05:26","modified_gmt":"2019-04-14T22:05:26","slug":"luz-e-junior-viram-guardioes-de-valentina","status":"publish","type":"post","link":"https:\/\/migracao.redenoticia.com.br\/noticia\/2019\/luz-e-junior-viram-guardioes-de-valentina\/173817","title":{"rendered":"Luz e J\u00fanior viram guardi\u00f5es de Valentina"},"content":{"rendered":"<p><img loading=\"lazy\" decoding=\"async\" class=\"aligncenter size-large wp-image-159067\" src=\"https:\/\/migracao.redenoticia.com.br\/noticia\/imagens\/o-setimo-guardiao-118-252x300.jpg\" alt=\"\" width=\"252\" height=\"300\" srcset=\"https:\/\/migracao.redenoticia.com.br\/noticia\/imagens\/o-setimo-guardiao-118-252x300.jpg 252w, https:\/\/migracao.redenoticia.com.br\/noticia\/imagens\/o-setimo-guardiao-118-157x187.jpg 157w, https:\/\/migracao.redenoticia.com.br\/noticia\/imagens\/o-setimo-guardiao-118-126x150.jpg 126w, https:\/\/migracao.redenoticia.com.br\/noticia\/imagens\/o-setimo-guardiao-118-528x630.jpg 528w, https:\/\/migracao.redenoticia.com.br\/noticia\/imagens\/o-setimo-guardiao-118.jpg 609w\" sizes=\"auto, (max-width: 252px) 100vw, 252px\" \/><\/p>\n<p>Na novela <strong><em>&#8220;O S\u00e9timo Guardi\u00e3o\u201d<\/em><\/strong>, Sampaio (Marcello Novaes) atira em Gabriel (Bruno Gagliasso) e ele fica em coma.&nbsp;Valentina (Lilia Cabral)&nbsp;se muda para o casar\u00e3o e monta um quarto com estrutura para o filho se recuperar em casa. Ela teme que Olavo (Tony Ramos) invada a fonte e chama&nbsp;Luz (Marina Ruy Barbosa) e J\u00fanior (Jos\u00e9 Loreto) para pedir apoio: &#8220;Minha ideia \u00e9 juntar em torno do Gabriel as pessoas que amam ele. Criar uma barreira para impedir que quem deseja a morte do meu filho se aproxime dele&#8221;.<\/p>\n<p>Luz volta na manh\u00e3 seguinte disposta a ajudar: &#8220;Sim, vou estar por perto, mas meu objetivo principal \u00e9 tocar a biblioteca. Por isso trouxe J\u00fanior comigo &#8230; Este projeto da biblioteca sempre foi nosso, n\u00e3o fazia sentido retomar tudo sozinha&#8221;. Cena da novela &#8220;O S\u00e9timo Guardi\u00e3o\u201d prevista para dia 13 de abril.<\/p>\n<p>Sinopse \u201cO S\u00e9timo Guardi\u00e3o\u201d: \u00c0 primeira vista, Serro Azul pode parecer apenas mais uma t\u00edpica cidade do interior, pacata e cercada por montanhas, onde avan\u00e7os tecnol\u00f3gicos como internet e telefonia celular ainda n\u00e3o chegaram. Um lugar pelo qual quem passa n\u00e3o d\u00e1 muita aten\u00e7\u00e3o, sem saber o que est\u00e1 perdendo, afinal, uma cidade que \u00e9 vizinha de Greenville e Tubiancanga n\u00e3o poderia deixar de ter suas peculiaridades.<\/p>\n<p>A principal delas \u00e9 uma fonte com propriedades curativas e rejuvenescedoras, que \u00e9 a parte mais externa de um gigantesco aqu\u00edfero, uma enorme reserva daquilo que a cada dia se torna o bem mais precioso da Terra: a \u00e1gua. Essa fonte \u00e9 protegida por sete guardi\u00e3es que t\u00eam como miss\u00e3o garantir que essa riqueza n\u00e3o chegue \u00e0s m\u00e3os erradas.<\/p>\n","protected":false},"excerpt":{"rendered":"<p>Na novela &#8220;O S\u00e9timo Guardi\u00e3o\u201d, Sampaio (Marcello Novaes) atira em Gabriel (Bruno Gagliasso) e ele fica em coma.&nbsp;Valentina (Lilia Cabral)&nbsp;se muda para o casar\u00e3o e monta um quarto com estrutura para o filho se recuperar em casa. Ela teme que Olavo (Tony Ramos) invada a fonte e chama&nbsp;Luz (Marina Ruy Barbosa) e J\u00fanior (Jos\u00e9 Loreto) [&hellip;]<\/p>\n","protected":false},"author":2,"featured_media":159066,"comment_status":"open","ping_status":"closed","sticky":false,"template":"","format":"standard","meta":{"tdm_status":"","tdm_grid_status":"","footnotes":""},"categories":[388,379,530,375,343],"tags":[440],"class_list":{"0":"post-173817","1":"post","2":"type-post","3":"status-publish","4":"format-standard","5":"has-post-thumbnail","7":"category-destaques","8":"category-novelas","9":"category-o-setimo-guardiao","10":"category-rede-globo","11":"category-televisao","12":"tag-noticia-novela"},"_links":{"self":[{"href":"https:\/\/migracao.redenoticia.com.br\/noticia\/wp-json\/wp\/v2\/posts\/173817","targetHints":{"allow":["GET"]}}],"collection":[{"href":"https:\/\/migracao.redenoticia.com.br\/noticia\/wp-json\/wp\/v2\/posts"}],"about":[{"href":"https:\/\/migracao.redenoticia.com.br\/noticia\/wp-json\/wp\/v2\/types\/post"}],"author":[{"embeddable":true,"href":"https:\/\/migracao.redenoticia.com.br\/noticia\/wp-json\/wp\/v2\/users\/2"}],"replies":[{"embeddable":true,"href":"https:\/\/migracao.redenoticia.com.br\/noticia\/wp-json\/wp\/v2\/comments?post=173817"}],"version-history":[{"count":0,"href":"https:\/\/migracao.redenoticia.com.br\/noticia\/wp-json\/wp\/v2\/posts\/173817\/revisions"}],"wp:featuredmedia":[{"embeddable":true,"href":"https:\/\/migracao.redenoticia.com.br\/noticia\/wp-json\/wp\/v2\/media\/159066"}],"wp:attachment":[{"href":"https:\/\/migracao.redenoticia.com.br\/noticia\/wp-json\/wp\/v2\/media?parent=173817"}],"wp:term":[{"taxonomy":"category","embeddable":true,"href":"https:\/\/migracao.redenoticia.com.br\/noticia\/wp-json\/wp\/v2\/categories?post=173817"},{"taxonomy":"post_tag","embeddable":true,"href":"https:\/\/migracao.redenoticia.com.br\/noticia\/wp-json\/wp\/v2\/tags?post=173817"}],"curies":[{"name":"wp","href":"https:\/\/api.w.org\/{rel}","templated":true}]}}