{"id":173818,"date":"2019-04-14T18:58:02","date_gmt":"2019-04-14T21:58:02","guid":{"rendered":"https:\/\/www.redenoticia.com.br\/noticia\/?p=173818"},"modified":"2019-04-14T19:07:23","modified_gmt":"2019-04-14T22:07:23","slug":"gabriel-e-curado-com-beijo-igual-a-princesa-dos-contos-infantis","status":"publish","type":"post","link":"https:\/\/migracao.redenoticia.com.br\/noticia\/2019\/gabriel-e-curado-com-beijo-igual-a-princesa-dos-contos-infantis\/173818","title":{"rendered":"Gabriel \u00e9 curado com beijo, igual a princesa dos contos infantis"},"content":{"rendered":"<p><img loading=\"lazy\" decoding=\"async\" class=\"aligncenter size-large wp-image-154961\" src=\"https:\/\/migracao.redenoticia.com.br\/noticia\/imagens\/o-setimo-guardiao-1-396x300.jpg\" alt=\"\" width=\"396\" height=\"300\" srcset=\"https:\/\/migracao.redenoticia.com.br\/noticia\/imagens\/o-setimo-guardiao-1-396x300.jpg 396w, https:\/\/migracao.redenoticia.com.br\/noticia\/imagens\/o-setimo-guardiao-1-247x187.jpg 247w, https:\/\/migracao.redenoticia.com.br\/noticia\/imagens\/o-setimo-guardiao-1-150x114.jpg 150w, https:\/\/migracao.redenoticia.com.br\/noticia\/imagens\/o-setimo-guardiao-1-534x405.jpg 534w, https:\/\/migracao.redenoticia.com.br\/noticia\/imagens\/o-setimo-guardiao-1.jpg 535w\" sizes=\"auto, (max-width: 396px) 100vw, 396px\" \/><\/p>\n<p>Na novela <strong><em>&#8220;O S\u00e9timo Guardi\u00e3o\u201d<\/em><\/strong>, Gabriel (Bruno Gagliasso) fica em coma ap\u00f3s levar tiro de Sampaio (Marcello Novaes). Dias depois, Murilo (Eduardo Moscovis) anda por Serro Azul, sente um vento estranho e repara na janela aberta do quarto de Luz (Marina Ruy Barbosa).<\/p>\n<p>A jovem acorda e v\u00ea Le\u00f3n no parapeito da janela: &#8220;Le\u00f3n! \u00c9 um sonho de novo, n\u00e3o \u00e9?&#8221;. Le\u00f3n mia e recua.&nbsp;Luz segue Le\u00f3n, chega no casar\u00e3o e o port\u00e3o se abre. Luz entra, vai at\u00e9 a cama de Gabriel (Bruno Gagliasso) e o beija, igual \u00e0 uma princesa. Gabriel desperta: &#8220;Voc\u00ea \u00e9 um anjo, n\u00e3o \u00e9? Eu estou no c\u00e9u!&#8221;. Cena da novela &#8220;O S\u00e9timo Guardi\u00e3o\u201d prevista para dia 16 de abril.<\/p>\n<p>Sinopse \u201cO S\u00e9timo Guardi\u00e3o\u201d: \u00c0 primeira vista, Serro Azul pode parecer apenas mais uma t\u00edpica cidade do interior, pacata e cercada por montanhas, onde avan\u00e7os tecnol\u00f3gicos como internet e telefonia celular ainda n\u00e3o chegaram. Um lugar pelo qual quem passa n\u00e3o d\u00e1 muita aten\u00e7\u00e3o, sem saber o que est\u00e1 perdendo, afinal, uma cidade que \u00e9 vizinha de Greenville e Tubiancanga n\u00e3o poderia deixar de ter suas peculiaridades.<\/p>\n<p>A principal delas \u00e9 uma fonte com propriedades curativas e rejuvenescedoras, que \u00e9 a parte mais externa de um gigantesco aqu\u00edfero, uma enorme reserva daquilo que a cada dia se torna o bem mais precioso da Terra: a \u00e1gua. Essa fonte \u00e9 protegida por sete guardi\u00e3es que t\u00eam como miss\u00e3o garantir que essa riqueza n\u00e3o chegue \u00e0s m\u00e3os erradas.<\/p>\n","protected":false},"excerpt":{"rendered":"<p>Na novela &#8220;O S\u00e9timo Guardi\u00e3o\u201d, Gabriel (Bruno Gagliasso) fica em coma ap\u00f3s levar tiro de Sampaio (Marcello Novaes). Dias depois, Murilo (Eduardo Moscovis) anda por Serro Azul, sente um vento estranho e repara na janela aberta do quarto de Luz (Marina Ruy Barbosa). A jovem acorda e v\u00ea Le\u00f3n no parapeito da janela: &#8220;Le\u00f3n! \u00c9 [&hellip;]<\/p>\n","protected":false},"author":2,"featured_media":160187,"comment_status":"open","ping_status":"closed","sticky":false,"template":"","format":"standard","meta":{"tdm_status":"","tdm_grid_status":"","footnotes":""},"categories":[379,530,375,343],"tags":[440],"class_list":{"0":"post-173818","1":"post","2":"type-post","3":"status-publish","4":"format-standard","5":"has-post-thumbnail","7":"category-novelas","8":"category-o-setimo-guardiao","9":"category-rede-globo","10":"category-televisao","11":"tag-noticia-novela"},"_links":{"self":[{"href":"https:\/\/migracao.redenoticia.com.br\/noticia\/wp-json\/wp\/v2\/posts\/173818","targetHints":{"allow":["GET"]}}],"collection":[{"href":"https:\/\/migracao.redenoticia.com.br\/noticia\/wp-json\/wp\/v2\/posts"}],"about":[{"href":"https:\/\/migracao.redenoticia.com.br\/noticia\/wp-json\/wp\/v2\/types\/post"}],"author":[{"embeddable":true,"href":"https:\/\/migracao.redenoticia.com.br\/noticia\/wp-json\/wp\/v2\/users\/2"}],"replies":[{"embeddable":true,"href":"https:\/\/migracao.redenoticia.com.br\/noticia\/wp-json\/wp\/v2\/comments?post=173818"}],"version-history":[{"count":0,"href":"https:\/\/migracao.redenoticia.com.br\/noticia\/wp-json\/wp\/v2\/posts\/173818\/revisions"}],"wp:featuredmedia":[{"embeddable":true,"href":"https:\/\/migracao.redenoticia.com.br\/noticia\/wp-json\/wp\/v2\/media\/160187"}],"wp:attachment":[{"href":"https:\/\/migracao.redenoticia.com.br\/noticia\/wp-json\/wp\/v2\/media?parent=173818"}],"wp:term":[{"taxonomy":"category","embeddable":true,"href":"https:\/\/migracao.redenoticia.com.br\/noticia\/wp-json\/wp\/v2\/categories?post=173818"},{"taxonomy":"post_tag","embeddable":true,"href":"https:\/\/migracao.redenoticia.com.br\/noticia\/wp-json\/wp\/v2\/tags?post=173818"}],"curies":[{"name":"wp","href":"https:\/\/api.w.org\/{rel}","templated":true}]}}