{"id":173828,"date":"2019-04-14T18:01:32","date_gmt":"2019-04-14T21:01:32","guid":{"rendered":"https:\/\/www.redenoticia.com.br\/noticia\/?p=173828"},"modified":"2019-04-14T19:07:01","modified_gmt":"2019-04-14T22:07:01","slug":"luz-e-filha-de-ondina","status":"publish","type":"post","link":"https:\/\/migracao.redenoticia.com.br\/noticia\/2019\/luz-e-filha-de-ondina\/173828","title":{"rendered":"Luz \u00e9 filha de Ondina"},"content":{"rendered":"<p><img loading=\"lazy\" decoding=\"async\" class=\"aligncenter size-large wp-image-159064\" src=\"https:\/\/migracao.redenoticia.com.br\/noticia\/imagens\/o-setimo-guardiao-121-334x300.jpg\" alt=\"\" width=\"334\" height=\"300\" srcset=\"https:\/\/migracao.redenoticia.com.br\/noticia\/imagens\/o-setimo-guardiao-121-334x300.jpg 334w, https:\/\/migracao.redenoticia.com.br\/noticia\/imagens\/o-setimo-guardiao-121-208x187.jpg 208w, https:\/\/migracao.redenoticia.com.br\/noticia\/imagens\/o-setimo-guardiao-121-150x135.jpg 150w, https:\/\/migracao.redenoticia.com.br\/noticia\/imagens\/o-setimo-guardiao-121.jpg 548w\" sizes=\"auto, (max-width: 334px) 100vw, 334px\" \/><\/p>\n<p>Na novela <strong><em>&#8220;O S\u00e9timo Guardi\u00e3o\u201d<\/em><\/strong>, Milu (Zez\u00e9 Polessa) \u00e9 assassinada e Ondina (Ana Beatriz Nogueira) desabafa com Murilo (Eduardo Moscovis): &#8220;E eu aqui, com o estabelecimento aberto recebendo todo mundo, podendo entrar o matador dos guardi\u00f5es e acabar com minha vida&#8230; Sabe outra coisa que me deixa triste? Uma hist\u00f3ria que eu dava por enterrada, mas que nos \u00faltimos tempos voltou pra me assombrar&#8221;.<\/p>\n<p>Murilo pergunta: &#8220;Algum amor do passado?&#8221;, e Ondina esclarece: &#8220;O maior de todos: o amor de m\u00e3e, que nunca pude exercer&#8230; Mesmo tendo esse direito&#8230; Quando ouvi falar da sua hist\u00f3ria com a Neide [Viviane Ara\u00fajo], aquilo me trouxe essas lembran\u00e7as \u00e0 tona&#8230; Eu me identifiquei porque tamb\u00e9m tive uma filha&#8230; Que tamb\u00e9m se perdeu! Quer dizer, n\u00e3o se perdeu, foi levada pelo pai&#8230; N\u00f3s brigamos, expulsei ele de casa e o safado, pra se vingar, deu um jeito de sumir com minha filhinha. E nunca mais vi&#8221;.<\/p>\n<p>Murilo se espanta ao ouvir que tudo aconteceu na cidade de Tubiacanga e fala: &#8220;Talvez, eu disse talvez, pois coincid\u00eancias s\u00e3o absurdas, mas existem&#8230; Se Deus escreve por linhas tortas&#8230; Talvez, eu disse talvez! Talvez, se a gente seguir essas linhas, pode acabar achando sua filha!&#8221;<\/p>\n<p>Murilo vai at\u00e9 a casa de seu pai.\u00a0S\u00f3stenes (Marcos Caruso) ouve a hist\u00f3ria e mostra para Ondina a camisa na qual Luz (Marina Ruy Barbosa) foi encontrada: &#8220;Quero que me diga se reconhece o que vai ver&#8230; Se n\u00e3o reconhecer, por favor, n\u00e3o me fa\u00e7a nenhuma pergunta. &#8230; Sabe o que essas iniciais LCG querem dizer?&#8221;<\/p>\n<p>Ondina responde emocionada: &#8220;Lu\u00eds&#8230; Carlos&#8230; G\u00f3is&#8230; Desde o dia em que roubou nossa filha rec\u00e9m-nascida, sumiu com ela&#8230; E destruiu minha vida pra sempre!&#8221; Cena da novela &#8220;O S\u00e9timo Guardi\u00e3o\u201d prevista para dia 20 de abril.<\/p>\n<p>Sinopse \u201cO S\u00e9timo Guardi\u00e3o\u201d: \u00c0 primeira vista, Serro Azul pode parecer apenas mais uma t\u00edpica cidade do interior, pacata e cercada por montanhas, onde avan\u00e7os tecnol\u00f3gicos como internet e telefonia celular ainda n\u00e3o chegaram. Um lugar pelo qual quem passa n\u00e3o d\u00e1 muita aten\u00e7\u00e3o, sem saber o que est\u00e1 perdendo, afinal, uma cidade que \u00e9 vizinha de Greenville e Tubiancanga n\u00e3o poderia deixar de ter suas peculiaridades.<\/p>\n<p>A principal delas \u00e9 uma fonte com propriedades curativas e rejuvenescedoras, que \u00e9 a parte mais externa de um gigantesco aqu\u00edfero, uma enorme reserva daquilo que a cada dia se torna o bem mais precioso da Terra: a \u00e1gua. Essa fonte \u00e9 protegida por sete guardi\u00e3es que t\u00eam como miss\u00e3o garantir que essa riqueza n\u00e3o chegue \u00e0s m\u00e3os erradas.<\/p>\n","protected":false},"excerpt":{"rendered":"<p>Na novela &#8220;O S\u00e9timo Guardi\u00e3o\u201d, Milu (Zez\u00e9 Polessa) \u00e9 assassinada e Ondina (Ana Beatriz Nogueira) desabafa com Murilo (Eduardo Moscovis): &#8220;E eu aqui, com o estabelecimento aberto recebendo todo mundo, podendo entrar o matador dos guardi\u00f5es e acabar com minha vida&#8230; Sabe outra coisa que me deixa triste? Uma hist\u00f3ria que eu dava por enterrada, [&hellip;]<\/p>\n","protected":false},"author":2,"featured_media":154960,"comment_status":"open","ping_status":"closed","sticky":false,"template":"","format":"standard","meta":{"tdm_status":"","tdm_grid_status":"","footnotes":""},"categories":[379,530,375,343],"tags":[440],"class_list":{"0":"post-173828","1":"post","2":"type-post","3":"status-publish","4":"format-standard","5":"has-post-thumbnail","7":"category-novelas","8":"category-o-setimo-guardiao","9":"category-rede-globo","10":"category-televisao","11":"tag-noticia-novela"},"_links":{"self":[{"href":"https:\/\/migracao.redenoticia.com.br\/noticia\/wp-json\/wp\/v2\/posts\/173828","targetHints":{"allow":["GET"]}}],"collection":[{"href":"https:\/\/migracao.redenoticia.com.br\/noticia\/wp-json\/wp\/v2\/posts"}],"about":[{"href":"https:\/\/migracao.redenoticia.com.br\/noticia\/wp-json\/wp\/v2\/types\/post"}],"author":[{"embeddable":true,"href":"https:\/\/migracao.redenoticia.com.br\/noticia\/wp-json\/wp\/v2\/users\/2"}],"replies":[{"embeddable":true,"href":"https:\/\/migracao.redenoticia.com.br\/noticia\/wp-json\/wp\/v2\/comments?post=173828"}],"version-history":[{"count":0,"href":"https:\/\/migracao.redenoticia.com.br\/noticia\/wp-json\/wp\/v2\/posts\/173828\/revisions"}],"wp:featuredmedia":[{"embeddable":true,"href":"https:\/\/migracao.redenoticia.com.br\/noticia\/wp-json\/wp\/v2\/media\/154960"}],"wp:attachment":[{"href":"https:\/\/migracao.redenoticia.com.br\/noticia\/wp-json\/wp\/v2\/media?parent=173828"}],"wp:term":[{"taxonomy":"category","embeddable":true,"href":"https:\/\/migracao.redenoticia.com.br\/noticia\/wp-json\/wp\/v2\/categories?post=173828"},{"taxonomy":"post_tag","embeddable":true,"href":"https:\/\/migracao.redenoticia.com.br\/noticia\/wp-json\/wp\/v2\/tags?post=173828"}],"curies":[{"name":"wp","href":"https:\/\/api.w.org\/{rel}","templated":true}]}}