{"id":173886,"date":"2019-04-04T17:33:09","date_gmt":"2019-04-04T20:33:09","guid":{"rendered":"https:\/\/www.redenoticia.com.br\/noticia\/?p=173886"},"modified":"2019-04-04T17:33:12","modified_gmt":"2019-04-04T20:33:12","slug":"resumo-novela-as-aventuras-de-poliana-05-04-poliana-ve-marcelo-e-nadine-na-padaria-e-conta-a-luisa","status":"publish","type":"post","link":"https:\/\/migracao.redenoticia.com.br\/noticia\/2019\/resumo-novela-as-aventuras-de-poliana-05-04-poliana-ve-marcelo-e-nadine-na-padaria-e-conta-a-luisa\/173886","title":{"rendered":"Resumo novela \u201cAs Aventuras de Poliana\u201d 05\/04: Poliana v\u00ea Marcelo e Nadine na padaria e conta \u00e0 Lu\u00edsa"},"content":{"rendered":"<p><strong><em><img loading=\"lazy\" decoding=\"async\" class=\"aligncenter size-large wp-image-148662\" src=\"https:\/\/migracao.redenoticia.com.br\/noticia\/imagens\/as-aventuras-de-poliana-novela-400x267.jpg\" alt=\"\" width=\"400\" height=\"267\" srcset=\"https:\/\/migracao.redenoticia.com.br\/noticia\/imagens\/as-aventuras-de-poliana-novela-400x267.jpg 400w, https:\/\/migracao.redenoticia.com.br\/noticia\/imagens\/as-aventuras-de-poliana-novela-250x167.jpg 250w, https:\/\/migracao.redenoticia.com.br\/noticia\/imagens\/as-aventuras-de-poliana-novela-150x100.jpg 150w, https:\/\/migracao.redenoticia.com.br\/noticia\/imagens\/as-aventuras-de-poliana-novela.jpg 600w\" sizes=\"auto, (max-width: 400px) 100vw, 400px\" \/>Resumo novela \u201cAs Aventuras de Poliana\u201d 05\/04 <\/em><\/strong>: no cap\u00edtulo 233(*) da novela, resumo de sexta-feira, 05 de abril, o Comit\u00ea do La\u00e7o Pink discute sobre os v\u00eddeos do aplicativo na reuni\u00e3o e Branca amea\u00e7a sair do grupo. Na aula de m\u00fasica, Poliana diz que vai fazer o trabalho com Bento e Jo\u00e3o fica bravo. D\u00e9bora ensina Kessya a ser uma bailarina profissional e \u00e9 bastante r\u00edgida com a menina. Na casa de Durval, Afonso chora por sentir falta de Lu\u00edsa. Salvador, com ci\u00fame, confronta Marcelo sobre a vernissage e deixa o professor de fotografia desconfiado. Gl\u00f3ria procura Lu\u00edsa e diz que acha que esse roubo dos quadros foi uma arma\u00e7\u00e3o, desconfiando, inclusive, de Salvador. Sophie toca piano r\u00e1pido demais e os alunos estranham.<\/p>\n<p>Paola aconselha \u00c9ric a conversar com seu pai para que ele possa voltar \u00e0 aula de dan\u00e7a. Kessya pergunta \u00e0 D\u00e9bora por que ela est\u00e1 sendo t\u00e3o diferente. Iuri escuta Hugo e Yasmin conversando sobre o quanto Sophie tocou r\u00e1pido o piano. Vini d\u00e1 flores de presente \u00e0 Gabi e Mirela observa, de longe, descobrindo que os dois est\u00e3o namorando. Sophie diz \u00e0 Iuri que n\u00e3o tem se sentido bem ultimamente. Nadine v\u00ea Marcelo na padaria e vai at\u00e9 l\u00e1.<\/p>\n<p>Afonso procura Lu\u00edsa como se nada tivesse acontecido. Dos dutos da escola, o clubinho MaGaBeLo veem um homem de capa preta cantando e dan\u00e7ando. Poliana v\u00ea Marcelo e Nadine na padaria e conta \u00e0 Lu\u00edsa que viu o professor com uma das mo\u00e7as mais bonitas que ela j\u00e1 viu na vida. Yasmin diz \u00e0 Kessya e Luigi que acha que Filipa gosta de Jo\u00e3o. Gl\u00f3ria exp\u00f5e sua desconfian\u00e7a sobre Salvador \u00e0 Ruth.<\/p>\n<p>(*) edi\u00e7\u00e3o do SBT, Novela \u201cAs Aventuras de Poliana\u201d, sujeito a altera\u00e7\u00e3o de data e conte\u00fado.<\/p>\n<p>Poliana \u00e9 uma menina extrovertida e de bom cora\u00e7\u00e3o que viajava o Brasil com seus pais, Lorenzo e Alice, no grupo circense Trupe Vagalume. Aos onze anos a garota v\u00ea seu mundo desabar quando seus pais falecem e ela tem que ir morar em S\u00e3o Paulo com sua tia Lu\u00edsa, uma mulher rica e severa, a qual ela n\u00e3o conhecia e que n\u00e3o queria cuidar dela, embora sinta que \u00e9 sua obriga\u00e7\u00e3o pela alma de sua irm\u00e3. Apesar do jeito da rigidez da tia, Poliana decide ter uma vis\u00e3o positiva e inabal\u00e1vel da vida, mesmo nos momentos de dificuldade, tentando levar um pouco de felicidade para a vida de cada um dos seus novos amigos e vizinhos, como o Sr. Pendleton, um homem rico e infeliz por nunca ter tido filhos. Ela vai estudar no col\u00e9gio de Ruth, uma diretora de bom cora\u00e7\u00e3o que a ajuda a se adaptar, mas tem que lidar com as vilanias de Mirela, garota mais velha que n\u00e3o aceita perder a popularidade para uma novata.<\/p>\n","protected":false},"excerpt":{"rendered":"<p>Resumo novela \u201cAs Aventuras de Poliana\u201d 05\/04 : no cap\u00edtulo 233(*) da novela, resumo de sexta-feira, 05 de abril, o Comit\u00ea do La\u00e7o Pink discute sobre os v\u00eddeos do aplicativo na reuni\u00e3o e Branca amea\u00e7a sair do grupo. Na aula de m\u00fasica, Poliana diz que vai fazer o trabalho com Bento e Jo\u00e3o fica bravo. [&hellip;]<\/p>\n","protected":false},"author":4,"featured_media":148663,"comment_status":"open","ping_status":"closed","sticky":false,"template":"","format":"standard","meta":{"tdm_status":"","tdm_grid_status":"","footnotes":""},"categories":[477,379,372,343],"tags":[441],"class_list":{"0":"post-173886","1":"post","2":"type-post","3":"status-publish","4":"format-standard","5":"has-post-thumbnail","7":"category-as-aventuras-de-poliana","8":"category-novelas","9":"category-sbt","10":"category-televisao","11":"tag-resumo-do-dia"},"_links":{"self":[{"href":"https:\/\/migracao.redenoticia.com.br\/noticia\/wp-json\/wp\/v2\/posts\/173886","targetHints":{"allow":["GET"]}}],"collection":[{"href":"https:\/\/migracao.redenoticia.com.br\/noticia\/wp-json\/wp\/v2\/posts"}],"about":[{"href":"https:\/\/migracao.redenoticia.com.br\/noticia\/wp-json\/wp\/v2\/types\/post"}],"author":[{"embeddable":true,"href":"https:\/\/migracao.redenoticia.com.br\/noticia\/wp-json\/wp\/v2\/users\/4"}],"replies":[{"embeddable":true,"href":"https:\/\/migracao.redenoticia.com.br\/noticia\/wp-json\/wp\/v2\/comments?post=173886"}],"version-history":[{"count":0,"href":"https:\/\/migracao.redenoticia.com.br\/noticia\/wp-json\/wp\/v2\/posts\/173886\/revisions"}],"wp:featuredmedia":[{"embeddable":true,"href":"https:\/\/migracao.redenoticia.com.br\/noticia\/wp-json\/wp\/v2\/media\/148663"}],"wp:attachment":[{"href":"https:\/\/migracao.redenoticia.com.br\/noticia\/wp-json\/wp\/v2\/media?parent=173886"}],"wp:term":[{"taxonomy":"category","embeddable":true,"href":"https:\/\/migracao.redenoticia.com.br\/noticia\/wp-json\/wp\/v2\/categories?post=173886"},{"taxonomy":"post_tag","embeddable":true,"href":"https:\/\/migracao.redenoticia.com.br\/noticia\/wp-json\/wp\/v2\/tags?post=173886"}],"curies":[{"name":"wp","href":"https:\/\/api.w.org\/{rel}","templated":true}]}}