{"id":174056,"date":"2019-04-06T18:45:15","date_gmt":"2019-04-06T21:45:15","guid":{"rendered":"https:\/\/www.redenoticia.com.br\/noticia\/?p=174056"},"modified":"2019-04-06T21:13:26","modified_gmt":"2019-04-07T00:13:26","slug":"resumo-novela-malhacao-08-04-rian-e-lorrane-sequestram-marli","status":"publish","type":"post","link":"https:\/\/migracao.redenoticia.com.br\/noticia\/2019\/resumo-novela-malhacao-08-04-rian-e-lorrane-sequestram-marli\/174056","title":{"rendered":"Resumo novela \u201cMalha\u00e7\u00e3o\u201d 08\/04: Rian e Lorrane sequestram Marli"},"content":{"rendered":"<p><strong><em><img loading=\"lazy\" decoding=\"async\" class=\"aligncenter size-large wp-image-148689\" src=\"https:\/\/migracao.redenoticia.com.br\/noticia\/imagens\/malhacao-5-380x300.jpg\" alt=\"\" width=\"380\" height=\"300\" srcset=\"https:\/\/migracao.redenoticia.com.br\/noticia\/imagens\/malhacao-5-380x300.jpg 380w, https:\/\/migracao.redenoticia.com.br\/noticia\/imagens\/malhacao-5-237x187.jpg 237w, https:\/\/migracao.redenoticia.com.br\/noticia\/imagens\/malhacao-5-150x119.jpg 150w, https:\/\/migracao.redenoticia.com.br\/noticia\/imagens\/malhacao-5.jpg 600w\" sizes=\"auto, (max-width: 380px) 100vw, 380px\" \/>Resumo novela \u201cMalha\u00e7\u00e3o\u201d 08\/04 <\/em><\/strong>: no cap\u00edtulo 279(*) da novela, resumo de segunda-feira, 08 de abril, Rian e Lorrane planejam sequestrar Mel. \u00c1lvaro percebe o inc\u00f4modo de Verena com seu futuro profissional. P\u00e9rola e Maria Alice cuidam de Ros\u00e1lia. Jade conta a P\u00e9rola e Ros\u00e1lia que est\u00e1 se divertindo com \u00c9rico.<\/p>\n<p>Fabiana consegue mais investimento para a distribui\u00e7\u00e3o de quentinhas. Sirena faz uma proposta a M\u00e1rcio. Anderson se insinua para Maria Alice, e Alex n\u00e3o gosta. Tal\u00edssia e Vin\u00edcius se despedem dos amigos. Ros\u00e1lia descobre que P\u00e9rola pagou sua cirurgia. Rian e Lorrane sequestram Marli.<\/p>\n<p>(*) edi\u00e7\u00e3o da Rede Globo, Novela \u201cMalha\u00e7\u00e3o\u201d, sujeito a altera\u00e7\u00e3o de data e conte\u00fado.<\/p>\n<p>Gabriela Fortes (Camila Morgado) \u00e9 uma professora absolutamente apaixonada pela profiss\u00e3o. Sua voca\u00e7\u00e3o vai al\u00e9m do of\u00edcio, est\u00e1 estampada na alma. Corajosa, traz consigo a jovem idealista do passado, que esperava mudar o mundo atrav\u00e9s do seu trabalho em sala de aula. H\u00e1 anos ensina Portugu\u00eas e Literatura no Col\u00e9gio Sapi\u00eancia, escola particular de Botafogo, zona sul do Rio de Janeiro. Apesar de muito envolvida com seus alunos, a cada dia fica mais evidente sua necessidade de se dedicar a um sonho antigo: contribuir com a educa\u00e7\u00e3o de adolescentes carentes, fazer a diferen\u00e7a na vida destes jovens, dando a eles uma possibilidade de um futuro diferente.<\/p>\n<p>E \u00e9 exatamente por ter muita coisa para lidar que, por vezes, deixa de lado sua pr\u00f3pria vida para estar mais pr\u00f3xima dos seus alunos. Casada com Paulo (Felipe Rocha) e m\u00e3e de tr\u00eas filhos \u2013 os g\u00eameos Flora (Jeniffer Oliveira) e Alex (Daniel Rangel) e a pequena Mel (Maria Rita) \u2013, Gabriela se tornou uma mulher mais pragm\u00e1tica. E sua fam\u00edlia se ressente da sua aus\u00eancia, cobrando a presen\u00e7a dela em casa.<\/p>\n","protected":false},"excerpt":{"rendered":"<p>Resumo novela \u201cMalha\u00e7\u00e3o\u201d 08\/04 : no cap\u00edtulo 279(*) da novela, resumo de segunda-feira, 08 de abril, Rian e Lorrane planejam sequestrar Mel. \u00c1lvaro percebe o inc\u00f4modo de Verena com seu futuro profissional. P\u00e9rola e Maria Alice cuidam de Ros\u00e1lia. Jade conta a P\u00e9rola e Ros\u00e1lia que est\u00e1 se divertindo com \u00c9rico. Fabiana consegue mais investimento [&hellip;]<\/p>\n","protected":false},"author":2,"featured_media":148688,"comment_status":"open","ping_status":"closed","sticky":false,"template":"","format":"standard","meta":{"tdm_status":"","tdm_grid_status":"","footnotes":""},"categories":[447,379,375,343],"tags":[441],"class_list":{"0":"post-174056","1":"post","2":"type-post","3":"status-publish","4":"format-standard","5":"has-post-thumbnail","7":"category-malhacao","8":"category-novelas","9":"category-rede-globo","10":"category-televisao","11":"tag-resumo-do-dia"},"_links":{"self":[{"href":"https:\/\/migracao.redenoticia.com.br\/noticia\/wp-json\/wp\/v2\/posts\/174056","targetHints":{"allow":["GET"]}}],"collection":[{"href":"https:\/\/migracao.redenoticia.com.br\/noticia\/wp-json\/wp\/v2\/posts"}],"about":[{"href":"https:\/\/migracao.redenoticia.com.br\/noticia\/wp-json\/wp\/v2\/types\/post"}],"author":[{"embeddable":true,"href":"https:\/\/migracao.redenoticia.com.br\/noticia\/wp-json\/wp\/v2\/users\/2"}],"replies":[{"embeddable":true,"href":"https:\/\/migracao.redenoticia.com.br\/noticia\/wp-json\/wp\/v2\/comments?post=174056"}],"version-history":[{"count":0,"href":"https:\/\/migracao.redenoticia.com.br\/noticia\/wp-json\/wp\/v2\/posts\/174056\/revisions"}],"wp:featuredmedia":[{"embeddable":true,"href":"https:\/\/migracao.redenoticia.com.br\/noticia\/wp-json\/wp\/v2\/media\/148688"}],"wp:attachment":[{"href":"https:\/\/migracao.redenoticia.com.br\/noticia\/wp-json\/wp\/v2\/media?parent=174056"}],"wp:term":[{"taxonomy":"category","embeddable":true,"href":"https:\/\/migracao.redenoticia.com.br\/noticia\/wp-json\/wp\/v2\/categories?post=174056"},{"taxonomy":"post_tag","embeddable":true,"href":"https:\/\/migracao.redenoticia.com.br\/noticia\/wp-json\/wp\/v2\/tags?post=174056"}],"curies":[{"name":"wp","href":"https:\/\/api.w.org\/{rel}","templated":true}]}}