{"id":174144,"date":"2019-04-09T22:43:26","date_gmt":"2019-04-10T01:43:26","guid":{"rendered":"https:\/\/www.redenoticia.com.br\/noticia\/?p=174144"},"modified":"2019-04-09T22:45:21","modified_gmt":"2019-04-10T01:45:21","slug":"bbb-19-votacao-no-paredao-paula-e-rizia-movimenta-a-enquete","status":"publish","type":"post","link":"https:\/\/migracao.redenoticia.com.br\/noticia\/2019\/bbb-19-votacao-no-paredao-paula-e-rizia-movimenta-a-enquete\/174144","title":{"rendered":"\u201cBBB&#8221; 19: resultado da enquete no pared\u00e3o Paula e R\u00edzia"},"content":{"rendered":"<p><em><strong><img loading=\"lazy\" decoding=\"async\" class=\"aligncenter size-large wp-image-166031\" src=\"https:\/\/migracao.redenoticia.com.br\/noticia\/imagens\/BBB-enquete-votacao-resultado-001-329x300.jpg\" alt=\"\" width=\"329\" height=\"300\" srcset=\"https:\/\/migracao.redenoticia.com.br\/noticia\/imagens\/BBB-enquete-votacao-resultado-001-329x300.jpg 329w, https:\/\/migracao.redenoticia.com.br\/noticia\/imagens\/BBB-enquete-votacao-resultado-001-205x187.jpg 205w, https:\/\/migracao.redenoticia.com.br\/noticia\/imagens\/BBB-enquete-votacao-resultado-001-150x137.jpg 150w, https:\/\/migracao.redenoticia.com.br\/noticia\/imagens\/BBB-enquete-votacao-resultado-001-560x510.jpg 560w, https:\/\/migracao.redenoticia.com.br\/noticia\/imagens\/BBB-enquete-votacao-resultado-001.jpg 620w\" sizes=\"auto, (max-width: 329px) 100vw, 329px\" \/>\u201cBBB&#8221; 19 pared\u00e3o vota\u00e7\u00e3o enquete:<\/strong><\/em> R\u00edzia foi eliminada ap\u00f3s receber 61,66% dos votos v\u00e1lidos. Este pared\u00e3o come\u00e7ou quando o L\u00edder do &#8220;BBB&#8221;, Alan, indicou Paula para o pared\u00e3o. Na vota\u00e7\u00e3o da casa, R\u00edzia votou na Carolina. Carolina, Hariany e Paula votaram na R\u00edzia, que tamb\u00e9m foi para o Pared\u00e3o. A vota\u00e7\u00e3o aconteceu at\u00e9 o programa ao vivo desta ter\u00e7a, 09\/04.<\/p>\n<p>Resultado Parcial 09\/04 22h36<br \/>\nR\u00edzia 67,11%; Paula 32,89%. Total de Votos 28.587.<\/p>\n<p><script type=\"text\/javascript\" charset=\"utf-8\" data-cfasync=\"false\" src=\"https:\/\/secure.polldaddy.com\/p\/10288591.js\"><\/script><br \/>\n<noscript><a href=\"https:\/\/poll.fm\/10288591\">Quem deve sair no Pared\u00e3o \u201cBBB\u201d 19? Paula ou R\u00edzia<\/a><\/noscript><\/p>\n<p>Se voc\u00ea n\u00e3o est\u00e1 vendo a enquete, clique no link: <a href=\"https:\/\/migracao.redenoticia.com.br\/noticia\/2019\/bbb-19-votacao-no-paredao-paula-e-rizia-movimenta-a-enquete\/174144\">vota\u00e7\u00e3o no pared\u00e3o Paula e R\u00edzia movimenta a enquete<\/a><\/p>\n<p>Destaques<\/p>\n<p><a href=\"https:\/\/migracao.redenoticia.com.br\/noticia\/2019\/diario-bbb-19-provas-de-imunidade-e-super-paredao\/165697\">Di\u00e1rio \u201cBBB\u201d 19<\/a><br \/>\n<a href=\"https:\/\/migracao.redenoticia.com.br\/noticia\/2019\/bbb-19-enquete-quem-merece-vencer-o-programa\/165063\">\u201cBBB\u201d 19 enquete: quem merece vencer o programa<\/a><\/p>\n<p>A vota\u00e7\u00e3o oficial aconteceu no site do programa.<\/p>\n<p>&#8212;<br \/>\nConcorrentes:<\/p>\n<p>Alan &#8211; empres\u00e1rio e administrador, o brother, de Crici\u00fama (SC), tem 26 anos e \u00e9 considerado mulherengo pela fam\u00edlia.<\/p>\n<p>Carolina &#8211; a baiana tem 33 anos, \u00e9 publicit\u00e1ria e empres\u00e1ria. O seu amuleto \u00e9 dar &#8220;Bom dia&#8221; ao sol.<\/p>\n<p>Gabriela &#8211; com 32 anos, a sister mora em Ribeir\u00e3o Preto e \u00e9 designer gr\u00e1fica e percussionista. \u00c9 f\u00e3 de Beyonc\u00e9 e imitava as Spice Girls na inf\u00e2ncia.<\/p>\n<p>Hariany &#8211; mora em Senador Canedo, Goi\u00e1s, tem 21 anos, estuda Design de Moda e sonha em ser famosa. A sister j\u00e1 ficou com tr\u00eas sertanejos famosos.<\/p>\n<p>Paula &#8211; Bacharel em Direito, tem 28 anos, \u00e9 de Lagoa Santa, Minas Gerais. A sister \u00e9 dona de uma porca, a Pippa.<\/p>\n<p>R\u00edzia &#8211; de 24 anos. A alagoana, de S\u00e3o Miguel dos Campos, luta por quest\u00f5es sociais. \u00c9 apaixonada por fotografia.<\/p>\n<p>Fonte \u201cBBB&#8221; 19 \u2013 Vota\u00e7\u00e3o Enquete<\/p>\n","protected":false},"excerpt":{"rendered":"<p>\u201cBBB&#8221; 19 pared\u00e3o vota\u00e7\u00e3o enquete: R\u00edzia foi eliminada ap\u00f3s receber 61,66% dos votos v\u00e1lidos. Este pared\u00e3o come\u00e7ou quando o L\u00edder do &#8220;BBB&#8221;, Alan, indicou Paula para o pared\u00e3o. Na vota\u00e7\u00e3o da casa, R\u00edzia votou na Carolina. Carolina, Hariany e Paula votaram na R\u00edzia, que tamb\u00e9m foi para o Pared\u00e3o. A vota\u00e7\u00e3o aconteceu at\u00e9 o programa [&hellip;]<\/p>\n","protected":false},"author":2,"featured_media":166033,"comment_status":"open","ping_status":"closed","sticky":false,"template":"","format":"standard","meta":{"tdm_status":"","tdm_grid_status":"","footnotes":""},"categories":[520,375,343],"tags":[466,521],"class_list":{"0":"post-174144","1":"post","2":"type-post","3":"status-publish","4":"format-standard","5":"has-post-thumbnail","7":"category-big-brother-brasil","8":"category-rede-globo","9":"category-televisao","10":"tag-bbb","11":"tag-enquete"},"_links":{"self":[{"href":"https:\/\/migracao.redenoticia.com.br\/noticia\/wp-json\/wp\/v2\/posts\/174144","targetHints":{"allow":["GET"]}}],"collection":[{"href":"https:\/\/migracao.redenoticia.com.br\/noticia\/wp-json\/wp\/v2\/posts"}],"about":[{"href":"https:\/\/migracao.redenoticia.com.br\/noticia\/wp-json\/wp\/v2\/types\/post"}],"author":[{"embeddable":true,"href":"https:\/\/migracao.redenoticia.com.br\/noticia\/wp-json\/wp\/v2\/users\/2"}],"replies":[{"embeddable":true,"href":"https:\/\/migracao.redenoticia.com.br\/noticia\/wp-json\/wp\/v2\/comments?post=174144"}],"version-history":[{"count":0,"href":"https:\/\/migracao.redenoticia.com.br\/noticia\/wp-json\/wp\/v2\/posts\/174144\/revisions"}],"wp:featuredmedia":[{"embeddable":true,"href":"https:\/\/migracao.redenoticia.com.br\/noticia\/wp-json\/wp\/v2\/media\/166033"}],"wp:attachment":[{"href":"https:\/\/migracao.redenoticia.com.br\/noticia\/wp-json\/wp\/v2\/media?parent=174144"}],"wp:term":[{"taxonomy":"category","embeddable":true,"href":"https:\/\/migracao.redenoticia.com.br\/noticia\/wp-json\/wp\/v2\/categories?post=174144"},{"taxonomy":"post_tag","embeddable":true,"href":"https:\/\/migracao.redenoticia.com.br\/noticia\/wp-json\/wp\/v2\/tags?post=174144"}],"curies":[{"name":"wp","href":"https:\/\/api.w.org\/{rel}","templated":true}]}}