{"id":174209,"date":"2019-04-08T15:37:10","date_gmt":"2019-04-08T18:37:10","guid":{"rendered":"https:\/\/www.redenoticia.com.br\/noticia\/?p=174209"},"modified":"2019-04-08T15:37:14","modified_gmt":"2019-04-08T18:37:14","slug":"resumo-novela-a-garota-da-moto-09-04-joana-e-bernarda-ficam-frente-a-frente","status":"publish","type":"post","link":"https:\/\/migracao.redenoticia.com.br\/noticia\/2019\/resumo-novela-a-garota-da-moto-09-04-joana-e-bernarda-ficam-frente-a-frente\/174209","title":{"rendered":"Resumo novela \u201cA Garota da Moto\u201d 09\/04: Joana e Bernarda ficam frente \u00e0 frente"},"content":{"rendered":"<p><strong><em><img loading=\"lazy\" decoding=\"async\" class=\"aligncenter size-large wp-image-171233\" src=\"https:\/\/migracao.redenoticia.com.br\/noticia\/imagens\/a-garota-da-moto-sbt-300x300.jpg\" alt=\"\" width=\"300\" height=\"300\" srcset=\"https:\/\/migracao.redenoticia.com.br\/noticia\/imagens\/a-garota-da-moto-sbt-300x300.jpg 300w, https:\/\/migracao.redenoticia.com.br\/noticia\/imagens\/a-garota-da-moto-sbt-187x187.jpg 187w, https:\/\/migracao.redenoticia.com.br\/noticia\/imagens\/a-garota-da-moto-sbt.jpg 540w\" sizes=\"auto, (max-width: 300px) 100vw, 300px\" \/>Resumo novela \u201cA Garota da Moto\u201d 09\/04 <\/em><\/strong> no cap\u00edtulo 025(*) da novela, ter\u00e7a-feira, 09 de abril, dentre muitas cenas cheias de emo\u00e7\u00e3o, Joana e Bernarda acabam frente \u00e0 frente em uma situa\u00e7\u00e3o de \u201cmatar ou morrer\u201d para Joana.<\/p>\n<p>(*) edi\u00e7\u00e3o do SBT, Novela \u201cA Garota da Moto\u201d, sujeito a altera\u00e7\u00e3o de data e conte\u00fado.<\/p>\n<p>Sinopse \u2013 Joana vive o dia a dia fascinante e perigoso das ruas, viadutos e vias expressas de S\u00e3o Paulo sobre duas rodas. Ela \u00e9 uma motogirl que faz parte desse ex\u00e9rcito de mais de 300 mil pessoas que cruzam a cidade transportando de tudo, todos os dias, o dia inteiro. Um ex\u00e9rcito que \u00e9, como todos, predominantemente masculino. Joana \u00e9 uma exce\u00e7\u00e3o: \u00e9 mulher, jovem, bonita e acima de tudo, \u00e9 corajosa.<\/p>\n<p>Joana se tornou aventureira porque se viu acuada, tendo que defender sozinha o seu filho de oito anos, Nico, contra gente muito poderosa. Nessa jornada, ela descobre for\u00e7as que nem sabia que tinha \u2013 como acontece tantas vezes com os verdadeiros her\u00f3is.<\/p>\n","protected":false},"excerpt":{"rendered":"<p>Resumo novela \u201cA Garota da Moto\u201d 09\/04 no cap\u00edtulo 025(*) da novela, ter\u00e7a-feira, 09 de abril, dentre muitas cenas cheias de emo\u00e7\u00e3o, Joana e Bernarda acabam frente \u00e0 frente em uma situa\u00e7\u00e3o de \u201cmatar ou morrer\u201d para Joana. (*) edi\u00e7\u00e3o do SBT, Novela \u201cA Garota da Moto\u201d, sujeito a altera\u00e7\u00e3o de data e conte\u00fado. Sinopse [&hellip;]<\/p>\n","protected":false},"author":4,"featured_media":90196,"comment_status":"open","ping_status":"closed","sticky":false,"template":"","format":"standard","meta":{"tdm_status":"","tdm_grid_status":"","footnotes":""},"categories":[379,372,343],"tags":[441],"class_list":{"0":"post-174209","1":"post","2":"type-post","3":"status-publish","4":"format-standard","5":"has-post-thumbnail","7":"category-novelas","8":"category-sbt","9":"category-televisao","10":"tag-resumo-do-dia"},"_links":{"self":[{"href":"https:\/\/migracao.redenoticia.com.br\/noticia\/wp-json\/wp\/v2\/posts\/174209","targetHints":{"allow":["GET"]}}],"collection":[{"href":"https:\/\/migracao.redenoticia.com.br\/noticia\/wp-json\/wp\/v2\/posts"}],"about":[{"href":"https:\/\/migracao.redenoticia.com.br\/noticia\/wp-json\/wp\/v2\/types\/post"}],"author":[{"embeddable":true,"href":"https:\/\/migracao.redenoticia.com.br\/noticia\/wp-json\/wp\/v2\/users\/4"}],"replies":[{"embeddable":true,"href":"https:\/\/migracao.redenoticia.com.br\/noticia\/wp-json\/wp\/v2\/comments?post=174209"}],"version-history":[{"count":0,"href":"https:\/\/migracao.redenoticia.com.br\/noticia\/wp-json\/wp\/v2\/posts\/174209\/revisions"}],"wp:featuredmedia":[{"embeddable":true,"href":"https:\/\/migracao.redenoticia.com.br\/noticia\/wp-json\/wp\/v2\/media\/90196"}],"wp:attachment":[{"href":"https:\/\/migracao.redenoticia.com.br\/noticia\/wp-json\/wp\/v2\/media?parent=174209"}],"wp:term":[{"taxonomy":"category","embeddable":true,"href":"https:\/\/migracao.redenoticia.com.br\/noticia\/wp-json\/wp\/v2\/categories?post=174209"},{"taxonomy":"post_tag","embeddable":true,"href":"https:\/\/migracao.redenoticia.com.br\/noticia\/wp-json\/wp\/v2\/tags?post=174209"}],"curies":[{"name":"wp","href":"https:\/\/api.w.org\/{rel}","templated":true}]}}