{"id":174213,"date":"2019-04-08T15:39:24","date_gmt":"2019-04-08T18:39:24","guid":{"rendered":"https:\/\/www.redenoticia.com.br\/noticia\/?p=174213"},"modified":"2019-04-08T15:39:28","modified_gmt":"2019-04-08T18:39:28","slug":"resumo-novela-malhacao-09-04-rian-e-lorrane-capturam-alex","status":"publish","type":"post","link":"https:\/\/migracao.redenoticia.com.br\/noticia\/2019\/resumo-novela-malhacao-09-04-rian-e-lorrane-capturam-alex\/174213","title":{"rendered":"Resumo novela \u201cMalha\u00e7\u00e3o\u201d 09\/04: Rian e Lorrane capturam Alex"},"content":{"rendered":"<p><strong><em><img loading=\"lazy\" decoding=\"async\" class=\"aligncenter size-large wp-image-148689\" src=\"https:\/\/migracao.redenoticia.com.br\/noticia\/imagens\/malhacao-5-380x300.jpg\" alt=\"\" width=\"380\" height=\"300\" srcset=\"https:\/\/migracao.redenoticia.com.br\/noticia\/imagens\/malhacao-5-380x300.jpg 380w, https:\/\/migracao.redenoticia.com.br\/noticia\/imagens\/malhacao-5-237x187.jpg 237w, https:\/\/migracao.redenoticia.com.br\/noticia\/imagens\/malhacao-5-150x119.jpg 150w, https:\/\/migracao.redenoticia.com.br\/noticia\/imagens\/malhacao-5.jpg 600w\" sizes=\"auto, (max-width: 380px) 100vw, 380px\" \/>Resumo novela \u201cMalha\u00e7\u00e3o\u201d 09\/04 <\/em><\/strong>: no cap\u00edtulo 280(*) da novela, resumo de ter\u00e7a-feira, 09 de abril, Ros\u00e1lia e Maria Alice planejam arrecadar o dinheiro necess\u00e1rio para P\u00e9rola ir ao encontro de M\u00e1rcio. Solange teme ser demitida do Sapi\u00eancia. Rian liga para Paulo e anuncia o valor do resgate de Marli. Get\u00falio descobre que os sequestradores s\u00e3o Rian e Lorrane. Heitor volta de viagem, e aconselha os netos sobre Anderson. Lorrane percebe que Marli est\u00e1 gr\u00e1vida. Get\u00falio e Alex decidem ir at\u00e9 o prov\u00e1vel cativeiro. Bernardo procura Marcelo para tentar um acordo entre o Sapi\u00eancia e o Col\u00e9gio Percurso. Get\u00falio consegue escapar, mas Rian e Lorrane capturam Alex.<\/p>\n<p>(*) edi\u00e7\u00e3o da Rede Globo, Novela \u201cMalha\u00e7\u00e3o\u201d, sujeito a altera\u00e7\u00e3o de data e conte\u00fado.<\/p>\n<p>Gabriela Fortes (Camila Morgado) \u00e9 uma professora absolutamente apaixonada pela profiss\u00e3o. Sua voca\u00e7\u00e3o vai al\u00e9m do of\u00edcio, est\u00e1 estampada na alma. Corajosa, traz consigo a jovem idealista do passado, que esperava mudar o mundo atrav\u00e9s do seu trabalho em sala de aula. H\u00e1 anos ensina Portugu\u00eas e Literatura no Col\u00e9gio Sapi\u00eancia, escola particular de Botafogo, zona sul do Rio de Janeiro. Apesar de muito envolvida com seus alunos, a cada dia fica mais evidente sua necessidade de se dedicar a um sonho antigo: contribuir com a educa\u00e7\u00e3o de adolescentes carentes, fazer a diferen\u00e7a na vida destes jovens, dando a eles uma possibilidade de um futuro diferente.<\/p>\n<p>E \u00e9 exatamente por ter muita coisa para lidar que, por vezes, deixa de lado sua pr\u00f3pria vida para estar mais pr\u00f3xima dos seus alunos. Casada com Paulo (Felipe Rocha) e m\u00e3e de tr\u00eas filhos \u2013 os g\u00eameos Flora (Jeniffer Oliveira) e Alex (Daniel Rangel) e a pequena Mel (Maria Rita) \u2013, Gabriela se tornou uma mulher mais pragm\u00e1tica. E sua fam\u00edlia se ressente da sua aus\u00eancia, cobrando a presen\u00e7a dela em casa.<\/p>\n<p>O clima em casa piora quando Gabriela \u00e9 surpreendida com uma not\u00edcia inesperada. Empolgada em liderar uma parceria entre o Col\u00e9gio Sapi\u00eancia e a ONG Percurso, que leva jovens de baixa renda para estudar em escolas particulares de alto rendimento, Gabriela descobre que o diretor da organiza\u00e7\u00e3o \u00e9 um grande amor do passado. Rafael (Carmo Dalla Vecchia) foi uma paix\u00e3o mal resolvida da adolesc\u00eancia, com quem dividia os mesmos ideais. O reencontro provoca um rebuli\u00e7o na vida de Gabriela e desestabiliza ainda mais o casamento, j\u00e1 que Paulo n\u00e3o conter\u00e1 seu ci\u00fame ao ver a esposa mergulhada na miss\u00e3o de fazer os novos alunos se destacarem na escola.<\/p>\n","protected":false},"excerpt":{"rendered":"<p>Resumo novela \u201cMalha\u00e7\u00e3o\u201d 09\/04 : no cap\u00edtulo 280(*) da novela, resumo de ter\u00e7a-feira, 09 de abril, Ros\u00e1lia e Maria Alice planejam arrecadar o dinheiro necess\u00e1rio para P\u00e9rola ir ao encontro de M\u00e1rcio. Solange teme ser demitida do Sapi\u00eancia. Rian liga para Paulo e anuncia o valor do resgate de Marli. Get\u00falio descobre que os sequestradores [&hellip;]<\/p>\n","protected":false},"author":4,"featured_media":148688,"comment_status":"open","ping_status":"closed","sticky":false,"template":"","format":"standard","meta":{"tdm_status":"","tdm_grid_status":"","footnotes":""},"categories":[447,379,375,343],"tags":[441],"class_list":{"0":"post-174213","1":"post","2":"type-post","3":"status-publish","4":"format-standard","5":"has-post-thumbnail","7":"category-malhacao","8":"category-novelas","9":"category-rede-globo","10":"category-televisao","11":"tag-resumo-do-dia"},"_links":{"self":[{"href":"https:\/\/migracao.redenoticia.com.br\/noticia\/wp-json\/wp\/v2\/posts\/174213","targetHints":{"allow":["GET"]}}],"collection":[{"href":"https:\/\/migracao.redenoticia.com.br\/noticia\/wp-json\/wp\/v2\/posts"}],"about":[{"href":"https:\/\/migracao.redenoticia.com.br\/noticia\/wp-json\/wp\/v2\/types\/post"}],"author":[{"embeddable":true,"href":"https:\/\/migracao.redenoticia.com.br\/noticia\/wp-json\/wp\/v2\/users\/4"}],"replies":[{"embeddable":true,"href":"https:\/\/migracao.redenoticia.com.br\/noticia\/wp-json\/wp\/v2\/comments?post=174213"}],"version-history":[{"count":0,"href":"https:\/\/migracao.redenoticia.com.br\/noticia\/wp-json\/wp\/v2\/posts\/174213\/revisions"}],"wp:featuredmedia":[{"embeddable":true,"href":"https:\/\/migracao.redenoticia.com.br\/noticia\/wp-json\/wp\/v2\/media\/148688"}],"wp:attachment":[{"href":"https:\/\/migracao.redenoticia.com.br\/noticia\/wp-json\/wp\/v2\/media?parent=174213"}],"wp:term":[{"taxonomy":"category","embeddable":true,"href":"https:\/\/migracao.redenoticia.com.br\/noticia\/wp-json\/wp\/v2\/categories?post=174213"},{"taxonomy":"post_tag","embeddable":true,"href":"https:\/\/migracao.redenoticia.com.br\/noticia\/wp-json\/wp\/v2\/tags?post=174213"}],"curies":[{"name":"wp","href":"https:\/\/api.w.org\/{rel}","templated":true}]}}