{"id":174279,"date":"2019-04-09T16:28:29","date_gmt":"2019-04-09T19:28:29","guid":{"rendered":"https:\/\/www.redenoticia.com.br\/noticia\/?p=174279"},"modified":"2019-04-09T16:28:32","modified_gmt":"2019-04-09T19:28:32","slug":"resumo-novela-malhacao-10-04-mel-se-desespera-porque-paulo-nao-quer-perdoar-getulio","status":"publish","type":"post","link":"https:\/\/migracao.redenoticia.com.br\/noticia\/2019\/resumo-novela-malhacao-10-04-mel-se-desespera-porque-paulo-nao-quer-perdoar-getulio\/174279","title":{"rendered":"Resumo novela \u201cMalha\u00e7\u00e3o\u201d 10\/04: Mel se desespera porque Paulo n\u00e3o quer perdoar Get\u00falio"},"content":{"rendered":"<p><strong><em><img loading=\"lazy\" decoding=\"async\" class=\"aligncenter size-large wp-image-148689\" src=\"https:\/\/migracao.redenoticia.com.br\/noticia\/imagens\/malhacao-5-380x300.jpg\" alt=\"\" width=\"380\" height=\"300\" srcset=\"https:\/\/migracao.redenoticia.com.br\/noticia\/imagens\/malhacao-5-380x300.jpg 380w, https:\/\/migracao.redenoticia.com.br\/noticia\/imagens\/malhacao-5-237x187.jpg 237w, https:\/\/migracao.redenoticia.com.br\/noticia\/imagens\/malhacao-5-150x119.jpg 150w, https:\/\/migracao.redenoticia.com.br\/noticia\/imagens\/malhacao-5.jpg 600w\" sizes=\"auto, (max-width: 380px) 100vw, 380px\" \/>Resumo novela \u201cMalha\u00e7\u00e3o\u201d 10\/04 <\/em><\/strong>: no cap\u00edtulo 281(*) da novela, resumo de quarta-feira, 10 de abril, Get\u00falio aciona a pol\u00edcia. A pol\u00edcia cerca o local do cativeiro, e Rian amea\u00e7a a vida de Alex. Alex consegue despistar Rian, e a pol\u00edcia prende os bandidos. Bernardo prop\u00f5e que Gabriela e Marcelo assumam a coordena\u00e7\u00e3o pedag\u00f3gica do Sapi\u00eancia. Lia, Tito e Garoto se incomodam com a bagun\u00e7a de Anderson. Paulo afirma que n\u00e3o perdoar\u00e1 Get\u00falio, e Mel se desespera. M\u00e1rcio e P\u00e9rola sofrem. Ros\u00e1lia coordena a produ\u00e7\u00e3o de uma grande encomenda de congelados. M\u00e1rcio anuncia a Sirena que decidiu voltar para o Rio de Janeiro. Osvaldo tem um novo plano para destruir Gabriela.<\/p>\n<p>(*) edi\u00e7\u00e3o da Rede Globo, Novela \u201cMalha\u00e7\u00e3o\u201d, sujeito a altera\u00e7\u00e3o de data e conte\u00fado.<\/p>\n<p>Gabriela Fortes (Camila Morgado) \u00e9 uma professora absolutamente apaixonada pela profiss\u00e3o. Sua voca\u00e7\u00e3o vai al\u00e9m do of\u00edcio, est\u00e1 estampada na alma. Corajosa, traz consigo a jovem idealista do passado, que esperava mudar o mundo atrav\u00e9s do seu trabalho em sala de aula. H\u00e1 anos ensina Portugu\u00eas e Literatura no Col\u00e9gio Sapi\u00eancia, escola particular de Botafogo, zona sul do Rio de Janeiro. Apesar de muito envolvida com seus alunos, a cada dia fica mais evidente sua necessidade de se dedicar a um sonho antigo: contribuir com a educa\u00e7\u00e3o de adolescentes carentes, fazer a diferen\u00e7a na vida destes jovens, dando a eles uma possibilidade de um futuro diferente.<\/p>\n<p>E \u00e9 exatamente por ter muita coisa para lidar que, por vezes, deixa de lado sua pr\u00f3pria vida para estar mais pr\u00f3xima dos seus alunos. Casada com Paulo (Felipe Rocha) e m\u00e3e de tr\u00eas filhos \u2013 os g\u00eameos Flora (Jeniffer Oliveira) e Alex (Daniel Rangel) e a pequena Mel (Maria Rita) \u2013, Gabriela se tornou uma mulher mais pragm\u00e1tica. E sua fam\u00edlia se ressente da sua aus\u00eancia, cobrando a presen\u00e7a dela em casa.<\/p>\n<p>O clima em casa piora quando Gabriela \u00e9 surpreendida com uma not\u00edcia inesperada. Empolgada em liderar uma parceria entre o Col\u00e9gio Sapi\u00eancia e a ONG Percurso, que leva jovens de baixa renda para estudar em escolas particulares de alto rendimento, Gabriela descobre que o diretor da organiza\u00e7\u00e3o \u00e9 um grande amor do passado. Rafael (Carmo Dalla Vecchia) foi uma paix\u00e3o mal resolvida da adolesc\u00eancia, com quem dividia os mesmos ideais. O reencontro provoca um rebuli\u00e7o na vida de Gabriela e desestabiliza ainda mais o casamento, j\u00e1 que Paulo n\u00e3o conter\u00e1 seu ci\u00fame ao ver a esposa mergulhada na miss\u00e3o de fazer os novos alunos se destacarem na escola.<\/p>\n","protected":false},"excerpt":{"rendered":"<p>Resumo novela \u201cMalha\u00e7\u00e3o\u201d 10\/04 : no cap\u00edtulo 281(*) da novela, resumo de quarta-feira, 10 de abril, Get\u00falio aciona a pol\u00edcia. A pol\u00edcia cerca o local do cativeiro, e Rian amea\u00e7a a vida de Alex. Alex consegue despistar Rian, e a pol\u00edcia prende os bandidos. Bernardo prop\u00f5e que Gabriela e Marcelo assumam a coordena\u00e7\u00e3o pedag\u00f3gica do [&hellip;]<\/p>\n","protected":false},"author":4,"featured_media":148688,"comment_status":"open","ping_status":"closed","sticky":false,"template":"","format":"standard","meta":{"tdm_status":"","tdm_grid_status":"","footnotes":""},"categories":[447,379,375,343],"tags":[441],"class_list":{"0":"post-174279","1":"post","2":"type-post","3":"status-publish","4":"format-standard","5":"has-post-thumbnail","7":"category-malhacao","8":"category-novelas","9":"category-rede-globo","10":"category-televisao","11":"tag-resumo-do-dia"},"_links":{"self":[{"href":"https:\/\/migracao.redenoticia.com.br\/noticia\/wp-json\/wp\/v2\/posts\/174279","targetHints":{"allow":["GET"]}}],"collection":[{"href":"https:\/\/migracao.redenoticia.com.br\/noticia\/wp-json\/wp\/v2\/posts"}],"about":[{"href":"https:\/\/migracao.redenoticia.com.br\/noticia\/wp-json\/wp\/v2\/types\/post"}],"author":[{"embeddable":true,"href":"https:\/\/migracao.redenoticia.com.br\/noticia\/wp-json\/wp\/v2\/users\/4"}],"replies":[{"embeddable":true,"href":"https:\/\/migracao.redenoticia.com.br\/noticia\/wp-json\/wp\/v2\/comments?post=174279"}],"version-history":[{"count":0,"href":"https:\/\/migracao.redenoticia.com.br\/noticia\/wp-json\/wp\/v2\/posts\/174279\/revisions"}],"wp:featuredmedia":[{"embeddable":true,"href":"https:\/\/migracao.redenoticia.com.br\/noticia\/wp-json\/wp\/v2\/media\/148688"}],"wp:attachment":[{"href":"https:\/\/migracao.redenoticia.com.br\/noticia\/wp-json\/wp\/v2\/media?parent=174279"}],"wp:term":[{"taxonomy":"category","embeddable":true,"href":"https:\/\/migracao.redenoticia.com.br\/noticia\/wp-json\/wp\/v2\/categories?post=174279"},{"taxonomy":"post_tag","embeddable":true,"href":"https:\/\/migracao.redenoticia.com.br\/noticia\/wp-json\/wp\/v2\/tags?post=174279"}],"curies":[{"name":"wp","href":"https:\/\/api.w.org\/{rel}","templated":true}]}}