{"id":174345,"date":"2019-04-14T19:05:21","date_gmt":"2019-04-14T22:05:21","guid":{"rendered":"https:\/\/www.redenoticia.com.br\/noticia\/?p=174345"},"modified":"2019-04-15T18:34:05","modified_gmt":"2019-04-15T21:34:05","slug":"novela-orfaos-da-terra-laila-encontra-jamil-mas-o-denuncia-para-a-policia","status":"publish","type":"post","link":"https:\/\/migracao.redenoticia.com.br\/noticia\/2019\/novela-orfaos-da-terra-laila-encontra-jamil-mas-o-denuncia-para-a-policia\/174345","title":{"rendered":"Novela \u201c\u00d3rf\u00e3os da Terra\u201d: Laila encontra Jamil, mas o denuncia para a pol\u00edcia"},"content":{"rendered":"<p><strong><em><img loading=\"lazy\" decoding=\"async\" class=\"aligncenter size-large wp-image-174198\" src=\"https:\/\/migracao.redenoticia.com.br\/noticia\/imagens\/orfaos-da-terra-05-300x300.jpg\" alt=\"\" width=\"300\" height=\"300\" srcset=\"https:\/\/migracao.redenoticia.com.br\/noticia\/imagens\/orfaos-da-terra-05-300x300.jpg 300w, https:\/\/migracao.redenoticia.com.br\/noticia\/imagens\/orfaos-da-terra-05-187x187.jpg 187w, https:\/\/migracao.redenoticia.com.br\/noticia\/imagens\/orfaos-da-terra-05.jpg 453w\" sizes=\"auto, (max-width: 300px) 100vw, 300px\" \/><\/em><\/strong><\/p>\n<p><strong><em>Novela \u201c\u00d3rf\u00e3os da Terra\u201d:<\/em><\/strong> Jamil (Renato G\u00f3es) usa uma informa\u00e7\u00e3o dada por Aziz (Herson Capri), encontra a loja de Miguel (Paulo Betti) e consegue um emprego no local. Sua inten\u00e7\u00e3o \u00e9 se aproximar da fam\u00edlia de sua amada, Laila (Julia Dalavia), na esperan\u00e7a de reencontra-la.<\/p>\n<p>Miguel convida Jamil para almo\u00e7ar em sua casa e Missade (Ana Cec\u00edlia Costa) o reconhece. Zuleika (Emanuelle Ara\u00fajo) acredita no amor de Jamil e d\u00e1 o endere\u00e7o dele para Laila. A jovem, que foi expulsa de casa por estar gr\u00e1vida, reencontra seu amor e esclarece: &#8220;Tenho uma coisa, que \u00e9 mais importante que tudo, e que eu preciso te dizer. O motivo principal do meu rompimento com a fam\u00edlia. Estou gr\u00e1vida, Jamil. Esperando um filho seu&#8221;.<\/p>\n<p>Jamil comemora e n\u00e3o fala a verdade sobre a sua liga\u00e7\u00e3o com Aziz e o padre do centro de refugiados convence Missade a aceitar sua rela\u00e7\u00e3o com Jamil. Camila (Anaju Dorigon) sente inveja de Laila e faz chegar at\u00e9 Laila uma foto em que Jamil aparece ao lado de Aziz.<\/p>\n<p>Jamil explica que decidiu romper com Aziz depois de descobrir a verdade, mas Laila manda ele nunca mais procur\u00e1-la.<\/p>\n<p>Laila volta a morar com a fam\u00edlia. Elias (Marco Ricca) e Missade convencem a filha a denunciar Jamil para a pol\u00edcia. Laila concorda em ir \u00e0 delegacia para impedir que Jamil se aproxime dela. Cena prevista para dia 18 de abril na novela \u201c\u00d3rf\u00e3os da Terra\u201d.<\/p>\n<p>Novela \u201c\u00d3rf\u00e3os da Terra\u201d &#8211; A hist\u00f3ria se inicia na S\u00edria, onde Missade (Ana Cec\u00edlia Costa) e Elias (Marco Ricca) vivem com seus filhos Laila (Julia Dalavia) e Khaled (Rodrigo Vidal) at\u00e9 serem v\u00edtimas da guerra e terem que se refugiar no L\u00edbano. Com o irm\u00e3o gravemente ferido e a fam\u00edlia presa num campo de concentra\u00e7\u00e3o, Laila aceita se casar com o sheik Aziz (Herson Capri) \u2013 um homem cruel e muito mais velho \u2013 em troca de dinheiro para pagar o tratamento m\u00e9dico.<\/p>\n<p>Por\u00e9m, o menino falece e a mo\u00e7a decide fugir para o Brasil com seus pais na noite de n\u00fapcias, antes do casamento ser consumado, indo morar com seus tios, R\u00e2nia (Eliane Giardini) e Miguel (Paulo Betti). Irritado, o sheik manda Jammil (Renato G\u00f3es), seu bra\u00e7o-direito e noivo de sua filha, Dalila (Alice Wegmann), buscar a mo\u00e7a e traz\u00ea-la a for\u00e7a, por\u00e9m os dois acabam se apaixonando e se tornam fugitivos da fam\u00edlia Abdallah.<\/p>\n","protected":false},"excerpt":{"rendered":"<p>Novela \u201c\u00d3rf\u00e3os da Terra\u201d: Jamil (Renato G\u00f3es) usa uma informa\u00e7\u00e3o dada por Aziz (Herson Capri), encontra a loja de Miguel (Paulo Betti) e consegue um emprego no local. Sua inten\u00e7\u00e3o \u00e9 se aproximar da fam\u00edlia de sua amada, Laila (Julia Dalavia), na esperan\u00e7a de reencontra-la. Miguel convida Jamil para almo\u00e7ar em sua casa e Missade [&hellip;]<\/p>\n","protected":false},"author":2,"featured_media":173643,"comment_status":"open","ping_status":"closed","sticky":false,"template":"","format":"standard","meta":{"tdm_status":"","tdm_grid_status":"","footnotes":""},"categories":[388,379,540,375,343],"tags":[440],"class_list":{"0":"post-174345","1":"post","2":"type-post","3":"status-publish","4":"format-standard","5":"has-post-thumbnail","7":"category-destaques","8":"category-novelas","9":"category-orfaos-da-terra","10":"category-rede-globo","11":"category-televisao","12":"tag-noticia-novela"},"_links":{"self":[{"href":"https:\/\/migracao.redenoticia.com.br\/noticia\/wp-json\/wp\/v2\/posts\/174345","targetHints":{"allow":["GET"]}}],"collection":[{"href":"https:\/\/migracao.redenoticia.com.br\/noticia\/wp-json\/wp\/v2\/posts"}],"about":[{"href":"https:\/\/migracao.redenoticia.com.br\/noticia\/wp-json\/wp\/v2\/types\/post"}],"author":[{"embeddable":true,"href":"https:\/\/migracao.redenoticia.com.br\/noticia\/wp-json\/wp\/v2\/users\/2"}],"replies":[{"embeddable":true,"href":"https:\/\/migracao.redenoticia.com.br\/noticia\/wp-json\/wp\/v2\/comments?post=174345"}],"version-history":[{"count":0,"href":"https:\/\/migracao.redenoticia.com.br\/noticia\/wp-json\/wp\/v2\/posts\/174345\/revisions"}],"wp:featuredmedia":[{"embeddable":true,"href":"https:\/\/migracao.redenoticia.com.br\/noticia\/wp-json\/wp\/v2\/media\/173643"}],"wp:attachment":[{"href":"https:\/\/migracao.redenoticia.com.br\/noticia\/wp-json\/wp\/v2\/media?parent=174345"}],"wp:term":[{"taxonomy":"category","embeddable":true,"href":"https:\/\/migracao.redenoticia.com.br\/noticia\/wp-json\/wp\/v2\/categories?post=174345"},{"taxonomy":"post_tag","embeddable":true,"href":"https:\/\/migracao.redenoticia.com.br\/noticia\/wp-json\/wp\/v2\/tags?post=174345"}],"curies":[{"name":"wp","href":"https:\/\/api.w.org\/{rel}","templated":true}]}}