{"id":174353,"date":"2019-04-10T12:23:57","date_gmt":"2019-04-10T15:23:57","guid":{"rendered":"https:\/\/www.redenoticia.com.br\/noticia\/?p=174353"},"modified":"2019-04-10T12:24:00","modified_gmt":"2019-04-10T15:24:00","slug":"resumo-novela-as-aventuras-de-poliana-11-04-pendleton-oferece-ajuda-financeira-a-luisa","status":"publish","type":"post","link":"https:\/\/migracao.redenoticia.com.br\/noticia\/2019\/resumo-novela-as-aventuras-de-poliana-11-04-pendleton-oferece-ajuda-financeira-a-luisa\/174353","title":{"rendered":"Resumo novela \u201cAs Aventuras de Poliana\u201d 11\/04: Pendleton  oferece ajuda financeira a Lu\u00edsa"},"content":{"rendered":"<p><strong><em><img loading=\"lazy\" decoding=\"async\" class=\"aligncenter size-large wp-image-148662\" src=\"https:\/\/migracao.redenoticia.com.br\/noticia\/imagens\/as-aventuras-de-poliana-novela-400x267.jpg\" alt=\"\" width=\"400\" height=\"267\" srcset=\"https:\/\/migracao.redenoticia.com.br\/noticia\/imagens\/as-aventuras-de-poliana-novela-400x267.jpg 400w, https:\/\/migracao.redenoticia.com.br\/noticia\/imagens\/as-aventuras-de-poliana-novela-250x167.jpg 250w, https:\/\/migracao.redenoticia.com.br\/noticia\/imagens\/as-aventuras-de-poliana-novela-150x100.jpg 150w, https:\/\/migracao.redenoticia.com.br\/noticia\/imagens\/as-aventuras-de-poliana-novela.jpg 600w\" sizes=\"auto, (max-width: 400px) 100vw, 400px\" \/>Resumo novela \u201cAs Aventuras de Poliana\u201d 11\/04 <\/em><\/strong>: no cap\u00edtulo 237(*) da novela, resumo de quinta-feira, 11 de abril, o clubinho MaGaBeLo, junto com \u00c9ric, acredita ter filmado um fantasma (que, na verdade, \u00e9 Sara). Nervosa, Filipa expulsa as g\u00eameas de sua casa. Mirela e Luca fazem um v\u00eddeo juntos. Branca e Gleyce contam \u00e0 Arlete e Ver\u00f4nica sobre a ideia de criar um canal para o Comit\u00ea do La\u00e7o Pink, mas com conte\u00fados relevantes. Lu\u00edsa conta a Joana e Claudia sobre Marcelo e Nadine. Nadine e D\u00e9bora trocam provoca\u00e7\u00f5es. A padaria volta a ficar cheia com a ajuda de Sophie ePoliana. Roger descobre que Guilherme est\u00e1 por tr\u00e1s das liga\u00e7\u00f5es misteriosas.<\/p>\n<p>D\u00e9bora pede a ajuda de Roger para afastar Nadine de Marcelo. Poliana visita Pendleton e desabafa sobre alguns problemas. Lorena conta a Vini que Lindomar canta muito bem e pergunta por que ele quer esconder isso. Fernanda conta \u00e0 Raquel e \u00e0 Lorena que tem uma surpresa para as duas. Pendleton procura Lu\u00edsa e oferece ajuda financeira. Gui e Jo\u00e3o dizem \u00e0 Marcelo que ele deve ficar com Lu\u00edsa, n\u00e3o com Nadine. Lu\u00edsa, furiosa, grita com Poliana e diz que ela n\u00e3o deve contar mais nada a Pendleton sobre sua vida.<\/p>\n<p>Vini pede a Lindomar que ele cante, a o pai canta mal de prop\u00f3sito. Ciro pede para Jefferson descobrir de quem \u00e9 a voz no pen drive que Roger lhe deu. Lindomar desabafa com Arlete sobre a desconfian\u00e7a de Vini e ela diz que ele deve superar o passado e que pode contar a verdade. Vini escuta. Marcelo procura Lu\u00edsa e pergunta se os dois t\u00eam uma chance juntos. Roger vai atr\u00e1s de Guilherme para tirar satisfa\u00e7\u00e3o.<\/p>\n<p>(*) edi\u00e7\u00e3o do SBT, Novela \u201cAs Aventuras de Poliana\u201d, sujeito a altera\u00e7\u00e3o de data e conte\u00fado.<\/p>\n<p>Poliana \u00e9 uma menina extrovertida e de bom cora\u00e7\u00e3o que viajava o Brasil com seus pais, Lorenzo e Alice, no grupo circense Trupe Vagalume. Aos onze anos a garota v\u00ea seu mundo desabar quando seus pais falecem e ela tem que ir morar em S\u00e3o Paulo com sua tia Lu\u00edsa, uma mulher rica e severa, a qual ela n\u00e3o conhecia e que n\u00e3o queria cuidar dela, embora sinta que \u00e9 sua obriga\u00e7\u00e3o pela alma de sua irm\u00e3. Apesar do jeito da rigidez da tia, Poliana decide ter uma vis\u00e3o positiva e inabal\u00e1vel da vida, mesmo nos momentos de dificuldade, tentando levar um pouco de felicidade para a vida de cada um dos seus novos amigos e vizinhos, como o Sr. Pendleton, um homem rico e infeliz por nunca ter tido filhos. Ela vai estudar no col\u00e9gio de Ruth, uma diretora de bom cora\u00e7\u00e3o que a ajuda a se adaptar, mas tem que lidar com as vilanias de Mirela, garota mais velha que n\u00e3o aceita perder a popularidade para uma novata.<\/p>\n","protected":false},"excerpt":{"rendered":"<p>Resumo novela \u201cAs Aventuras de Poliana\u201d 11\/04 : no cap\u00edtulo 237(*) da novela, resumo de quinta-feira, 11 de abril, o clubinho MaGaBeLo, junto com \u00c9ric, acredita ter filmado um fantasma (que, na verdade, \u00e9 Sara). Nervosa, Filipa expulsa as g\u00eameas de sua casa. Mirela e Luca fazem um v\u00eddeo juntos. Branca e Gleyce contam \u00e0 [&hellip;]<\/p>\n","protected":false},"author":4,"featured_media":148663,"comment_status":"open","ping_status":"closed","sticky":false,"template":"","format":"standard","meta":{"tdm_status":"","tdm_grid_status":"","footnotes":""},"categories":[477,379,372,343],"tags":[441],"class_list":{"0":"post-174353","1":"post","2":"type-post","3":"status-publish","4":"format-standard","5":"has-post-thumbnail","7":"category-as-aventuras-de-poliana","8":"category-novelas","9":"category-sbt","10":"category-televisao","11":"tag-resumo-do-dia"},"_links":{"self":[{"href":"https:\/\/migracao.redenoticia.com.br\/noticia\/wp-json\/wp\/v2\/posts\/174353","targetHints":{"allow":["GET"]}}],"collection":[{"href":"https:\/\/migracao.redenoticia.com.br\/noticia\/wp-json\/wp\/v2\/posts"}],"about":[{"href":"https:\/\/migracao.redenoticia.com.br\/noticia\/wp-json\/wp\/v2\/types\/post"}],"author":[{"embeddable":true,"href":"https:\/\/migracao.redenoticia.com.br\/noticia\/wp-json\/wp\/v2\/users\/4"}],"replies":[{"embeddable":true,"href":"https:\/\/migracao.redenoticia.com.br\/noticia\/wp-json\/wp\/v2\/comments?post=174353"}],"version-history":[{"count":0,"href":"https:\/\/migracao.redenoticia.com.br\/noticia\/wp-json\/wp\/v2\/posts\/174353\/revisions"}],"wp:featuredmedia":[{"embeddable":true,"href":"https:\/\/migracao.redenoticia.com.br\/noticia\/wp-json\/wp\/v2\/media\/148663"}],"wp:attachment":[{"href":"https:\/\/migracao.redenoticia.com.br\/noticia\/wp-json\/wp\/v2\/media?parent=174353"}],"wp:term":[{"taxonomy":"category","embeddable":true,"href":"https:\/\/migracao.redenoticia.com.br\/noticia\/wp-json\/wp\/v2\/categories?post=174353"},{"taxonomy":"post_tag","embeddable":true,"href":"https:\/\/migracao.redenoticia.com.br\/noticia\/wp-json\/wp\/v2\/tags?post=174353"}],"curies":[{"name":"wp","href":"https:\/\/api.w.org\/{rel}","templated":true}]}}