{"id":174436,"date":"2019-04-11T16:42:40","date_gmt":"2019-04-11T19:42:40","guid":{"rendered":"https:\/\/www.redenoticia.com.br\/noticia\/?p=174436"},"modified":"2019-05-09T19:04:32","modified_gmt":"2019-05-09T22:04:32","slug":"resumo-novela-a-dona-12-04-valentina-devolve-o-anel-de-compromisso-para-alonso","status":"publish","type":"post","link":"https:\/\/migracao.redenoticia.com.br\/noticia\/2019\/resumo-novela-a-dona-12-04-valentina-devolve-o-anel-de-compromisso-para-alonso\/174436","title":{"rendered":"Resumo novela \u201cA Dona\u201d 12\/04: Valentina devolve o anel de compromisso para Alonso"},"content":{"rendered":"<p><img loading=\"lazy\" decoding=\"async\" class=\"aligncenter size-large wp-image-173633\" src=\"https:\/\/migracao.redenoticia.com.br\/noticia\/imagens\/a-dona-270x300.jpg\" alt=\"\" width=\"270\" height=\"300\" srcset=\"https:\/\/migracao.redenoticia.com.br\/noticia\/imagens\/a-dona-270x300.jpg 270w, https:\/\/migracao.redenoticia.com.br\/noticia\/imagens\/a-dona-168x187.jpg 168w, https:\/\/migracao.redenoticia.com.br\/noticia\/imagens\/a-dona.jpg 380w\" sizes=\"auto, (max-width: 270px) 100vw, 270px\" \/>Resumo da novela <strong><em>\u201cA Dona&#8221;<\/em><\/strong> em 12\/04: no cap\u00edtulo 010(*) da novela, sexta-feira, 12 de abril, Ivana mata Oscar para evitar que todos saibam de sua rela\u00e7\u00e3o com Alonso. Para tentar um argumento de defesa, vai atr\u00e1s de Felipe e finge estar arrependida de tudo que disse a ele e que pensa seriamente que seria \u00f3timo se eles se dessem uma oportunidade. Felipe confessa a Ivana que suspeitava que ela mantinha rela\u00e7\u00f5es com Alonso, mas que cr\u00ea ter se precipitado nesse julgamento. Ivana diz que jamais se envolveria com Alonso, primeiro porque ele \u00e9 o homem que sua prima ama, e segundo que jamais seria capaz de se envolver com algu\u00e9m j\u00e1 comprometido. N\u00e1dia, ao saber da morte de Oscar, procura Alonso e, aos gritos, diz ter certeza que foi Ivana que o matou.<\/p>\n<p>Benita mostra a Valentina uma mat\u00e9ria em um jornal onde noticiam a morte de Oscar. Perplexa, Valentina procura uma maneira amena de dar a not\u00edcia a Ivana. Ela a encontra no quarto e come\u00e7a a contar o ocorrido. Ivana finge desespero e assusta Valentina. Ivana chora copiosamente. Alonso diz a Ivana que N\u00e1dia est\u00e1 convencida que foi ela a respons\u00e1vel pela morte de Oscar. Valentina e Alonso discutem pelo fato de ela n\u00e3o querer acompanhar o funeral de Oscar. Valentina diz que n\u00e3o tem o que fazer l\u00e1, j\u00e1 que a esposa de Oscar acusa sua prima pelo assassinato. Alonso diz a Valentina que n\u00e3o aceitar\u00e1 que Ivana e sua m\u00e3e vivam na mesma casa em que eles ap\u00f3s o casamento.<\/p>\n<p>Valentina ent\u00e3o diz que n\u00e3o ser\u00e1 necess\u00e1rio, pois eles n\u00e3o se casar\u00e3o mais. Ela lhe devolve o anel de compromisso. Alonso, incr\u00e9dulo, vai at\u00e9 o carro onde Dona Isabel est\u00e1 e diz a ela que pode, enfim, se sentir satisfeita. Isabel responde que esta \u00e9 a melhor not\u00edcia que poderia ter recebido. Alonso procura por Valentina, mas Ivana diz que a prima n\u00e3o quer mais saber dele e que agora ele ficar\u00e1 sem a fortuna que tanto queria. Benita escuta a conversa e diz a Ivana que ela est\u00e1 se recuperando muito r\u00e1pido da morte de seu \u201camigo\u201d Oscar.<\/p>\n<p>(*) edi\u00e7\u00e3o do SBT, Novela \u201cA Dona\u201d, sujeito a altera\u00e7\u00e3o de data e conte\u00fado.<\/p>\n<p>Destaques<\/p>\n<p>&#8220;A Dona&#8221; &#8211; Valentina Vila\u00e7a (Lucero) \u00e9 uma mulher que tem uma grande fortuna, que seus pais deixaram para ela quando morreram em um acidente de carro. Ela tem uma mans\u00e3o na Cidade do M\u00e9xico, onde vive com sua tia Isabel Rangel de Dorantes (Silvia Pinal), e sua prima Ivana Dorantes Rangel (Gabriela Spanic) que trata Valentina com muita indiferen\u00e7a e sente inveja dela.<\/p>\n<p>Tudo muda para Valentina quando seu noivo Alonso Penalva (David Zepeda), tramando com Ivana no dia de seu casamento, a deixa esperando no altar. A partir da\u00ed, Valentina se torna uma mulher amarga, e vai para sua fazenda, no interior. Chegando l\u00e1, ela conhece seu vizinho Jos\u00e9 Miguel Montesinos (Fernando Colunga).<\/p>\n","protected":false},"excerpt":{"rendered":"<p>Resumo da novela \u201cA Dona&#8221; em 12\/04: no cap\u00edtulo 010(*) da novela, sexta-feira, 12 de abril, Ivana mata Oscar para evitar que todos saibam de sua rela\u00e7\u00e3o com Alonso. Para tentar um argumento de defesa, vai atr\u00e1s de Felipe e finge estar arrependida de tudo que disse a ele e que pensa seriamente que seria [&hellip;]<\/p>\n","protected":false},"author":4,"featured_media":173626,"comment_status":"open","ping_status":"closed","sticky":false,"template":"","format":"standard","meta":{"tdm_status":"","tdm_grid_status":"","footnotes":""},"categories":[379,372,343],"tags":[441],"class_list":{"0":"post-174436","1":"post","2":"type-post","3":"status-publish","4":"format-standard","5":"has-post-thumbnail","7":"category-novelas","8":"category-sbt","9":"category-televisao","10":"tag-resumo-do-dia"},"_links":{"self":[{"href":"https:\/\/migracao.redenoticia.com.br\/noticia\/wp-json\/wp\/v2\/posts\/174436","targetHints":{"allow":["GET"]}}],"collection":[{"href":"https:\/\/migracao.redenoticia.com.br\/noticia\/wp-json\/wp\/v2\/posts"}],"about":[{"href":"https:\/\/migracao.redenoticia.com.br\/noticia\/wp-json\/wp\/v2\/types\/post"}],"author":[{"embeddable":true,"href":"https:\/\/migracao.redenoticia.com.br\/noticia\/wp-json\/wp\/v2\/users\/4"}],"replies":[{"embeddable":true,"href":"https:\/\/migracao.redenoticia.com.br\/noticia\/wp-json\/wp\/v2\/comments?post=174436"}],"version-history":[{"count":0,"href":"https:\/\/migracao.redenoticia.com.br\/noticia\/wp-json\/wp\/v2\/posts\/174436\/revisions"}],"wp:featuredmedia":[{"embeddable":true,"href":"https:\/\/migracao.redenoticia.com.br\/noticia\/wp-json\/wp\/v2\/media\/173626"}],"wp:attachment":[{"href":"https:\/\/migracao.redenoticia.com.br\/noticia\/wp-json\/wp\/v2\/media?parent=174436"}],"wp:term":[{"taxonomy":"category","embeddable":true,"href":"https:\/\/migracao.redenoticia.com.br\/noticia\/wp-json\/wp\/v2\/categories?post=174436"},{"taxonomy":"post_tag","embeddable":true,"href":"https:\/\/migracao.redenoticia.com.br\/noticia\/wp-json\/wp\/v2\/tags?post=174436"}],"curies":[{"name":"wp","href":"https:\/\/api.w.org\/{rel}","templated":true}]}}