{"id":174540,"date":"2019-04-12T19:27:35","date_gmt":"2019-04-12T22:27:35","guid":{"rendered":"https:\/\/www.redenoticia.com.br\/noticia\/?p=174540"},"modified":"2019-04-12T19:27:39","modified_gmt":"2019-04-12T22:27:39","slug":"resumo-novela-a-que-nao-podia-amar-15-04-ana-proibe-vanessa-de-procurar-rogerio","status":"publish","type":"post","link":"https:\/\/migracao.redenoticia.com.br\/noticia\/2019\/resumo-novela-a-que-nao-podia-amar-15-04-ana-proibe-vanessa-de-procurar-rogerio\/174540","title":{"rendered":"Resumo novela \u201cA Que N\u00e3o Podia Amar\u201d 15\/04: Ana pro\u00edbe Vanessa de procurar Rog\u00e9rio"},"content":{"rendered":"<p><strong><em><img loading=\"lazy\" decoding=\"async\" class=\"aligncenter size-large wp-image-173635\" src=\"https:\/\/migracao.redenoticia.com.br\/noticia\/imagens\/a-que-nao-podia-amar-400x271.jpg\" alt=\"\" width=\"400\" height=\"271\" srcset=\"https:\/\/migracao.redenoticia.com.br\/noticia\/imagens\/a-que-nao-podia-amar-400x271.jpg 400w, https:\/\/migracao.redenoticia.com.br\/noticia\/imagens\/a-que-nao-podia-amar-250x169.jpg 250w, https:\/\/migracao.redenoticia.com.br\/noticia\/imagens\/a-que-nao-podia-amar-560x379.jpg 560w, https:\/\/migracao.redenoticia.com.br\/noticia\/imagens\/a-que-nao-podia-amar.jpg 620w\" sizes=\"auto, (max-width: 400px) 100vw, 400px\" \/><\/em><\/strong><\/p>\n<p>Resumo da novela<strong><em> \u201cA Que N\u00e3o Podia Amar\u201d&nbsp;<\/em><\/strong> em 15\/04 : no cap\u00edtulo 006(*) da novela, segunda-feira, 15 de abril, Rog\u00e9rio pede a Ana Paula que o acompanhe ao povoado de San Gabriel, pois tem uma reuni\u00e3o com um engenheiro. Enquanto Ana Paula faz algo que lhe foi pedido, Gustavo chega para a reuni\u00e3o com Rog\u00e9rio. Ana Paula termina suas tarefas e est\u00e1 pronta para voltar com Rog\u00e9rio. Rog\u00e9rio convida Ana Paula para tomar caf\u00e9 da manh\u00e3 em um lugar no povoado, quando terminam ela sai justo quando Gustavo entra pela outra porta e n\u00e3o acontece o encontro. Rog\u00e9rio deixa claro a sua irm\u00e3 que Vanessa n\u00e3o o quis em sua vida e agora \u00e9 ele que n\u00e3o quer que ela fique na sua.<\/p>\n<p>Elias entra no quarto de C\u00edntia e a convida para tomar um banho juntos, ela n\u00e3o se desagrada com a ideia. Vanessa pede o div\u00f3rcio para Estev\u00e3o, mas ele n\u00e3o aceita a ideia, e a acusa de n\u00e3o ter esquecido o paral\u00edtico. Vanessa o defende e pede que n\u00e3o chame Rog\u00e9rio assim. Rog\u00e9rio diz a Ana Paula que talvez a primeira pessoa que volte a confiar seja ela. Consuelo entra para limpar o quarto de C\u00edntia e encontra um len\u00e7o de Elias. O pai de Vanessa aconselha sua filha que n\u00e3o perca algo que tem por algo que provavelmente n\u00e3o ter\u00e1 nunca. Ana Paula se encontra com Vanessa no povoado e a pro\u00edbe de voltar a procurar Rog\u00e9rio.<\/p>\n<p>(*) edi\u00e7\u00e3o do SBT, Novela \u201cA Que N\u00e3o Podia Amar\u201d, sujeito a altera\u00e7\u00e3o de data e conte\u00fado.<\/p>\n<p>Destaques<\/p>\n<p>&#8220;A Que N\u00e3o Podia Amar&#8221;- Ana Paula, uma enfermeira humilde que se v\u00ea obrigada a trabalhar na casa de Rog\u00e9rio Montero (Jorge Salinas), um homem amargurado. Rog\u00e9rio sofre por ser parapl\u00e9gico e destrata todas as pessoas. Ana Paula atura tudo calada e o rica\u00e7o se apaixona por ela.<\/p>\n<p>Ana conhece Gustavo Duran (Jos\u00e9 Ron), um engenheiro nobre e trabalhador. Os dois se apaixonam, mas ter\u00e3o de enfrentar Rog\u00e9rio, j\u00e1 que ele tamb\u00e9m gosta da mocinha, formando assim, um tri\u00e2ngulo amoroso com terr\u00edveis consequ\u00eancias.<\/p>\n","protected":false},"excerpt":{"rendered":"<p>Resumo da novela \u201cA Que N\u00e3o Podia Amar\u201d&nbsp; em 15\/04 : no cap\u00edtulo 006(*) da novela, segunda-feira, 15 de abril, Rog\u00e9rio pede a Ana Paula que o acompanhe ao povoado de San Gabriel, pois tem uma reuni\u00e3o com um engenheiro. Enquanto Ana Paula faz algo que lhe foi pedido, Gustavo chega para a reuni\u00e3o com [&hellip;]<\/p>\n","protected":false},"author":2,"featured_media":173627,"comment_status":"open","ping_status":"closed","sticky":false,"template":"","format":"standard","meta":{"tdm_status":"","tdm_grid_status":"","footnotes":""},"categories":[379,372,343],"tags":[441],"class_list":{"0":"post-174540","1":"post","2":"type-post","3":"status-publish","4":"format-standard","5":"has-post-thumbnail","7":"category-novelas","8":"category-sbt","9":"category-televisao","10":"tag-resumo-do-dia"},"_links":{"self":[{"href":"https:\/\/migracao.redenoticia.com.br\/noticia\/wp-json\/wp\/v2\/posts\/174540","targetHints":{"allow":["GET"]}}],"collection":[{"href":"https:\/\/migracao.redenoticia.com.br\/noticia\/wp-json\/wp\/v2\/posts"}],"about":[{"href":"https:\/\/migracao.redenoticia.com.br\/noticia\/wp-json\/wp\/v2\/types\/post"}],"author":[{"embeddable":true,"href":"https:\/\/migracao.redenoticia.com.br\/noticia\/wp-json\/wp\/v2\/users\/2"}],"replies":[{"embeddable":true,"href":"https:\/\/migracao.redenoticia.com.br\/noticia\/wp-json\/wp\/v2\/comments?post=174540"}],"version-history":[{"count":0,"href":"https:\/\/migracao.redenoticia.com.br\/noticia\/wp-json\/wp\/v2\/posts\/174540\/revisions"}],"wp:featuredmedia":[{"embeddable":true,"href":"https:\/\/migracao.redenoticia.com.br\/noticia\/wp-json\/wp\/v2\/media\/173627"}],"wp:attachment":[{"href":"https:\/\/migracao.redenoticia.com.br\/noticia\/wp-json\/wp\/v2\/media?parent=174540"}],"wp:term":[{"taxonomy":"category","embeddable":true,"href":"https:\/\/migracao.redenoticia.com.br\/noticia\/wp-json\/wp\/v2\/categories?post=174540"},{"taxonomy":"post_tag","embeddable":true,"href":"https:\/\/migracao.redenoticia.com.br\/noticia\/wp-json\/wp\/v2\/tags?post=174540"}],"curies":[{"name":"wp","href":"https:\/\/api.w.org\/{rel}","templated":true}]}}