{"id":174542,"date":"2019-04-12T19:29:29","date_gmt":"2019-04-12T22:29:29","guid":{"rendered":"https:\/\/www.redenoticia.com.br\/noticia\/?p=174542"},"modified":"2019-04-12T19:29:35","modified_gmt":"2019-04-12T22:29:35","slug":"resumo-novela-as-aventuras-de-poliana-15-04-luisa-demite-antonio-e-nanci","status":"publish","type":"post","link":"https:\/\/migracao.redenoticia.com.br\/noticia\/2019\/resumo-novela-as-aventuras-de-poliana-15-04-luisa-demite-antonio-e-nanci\/174542","title":{"rendered":"Resumo novela \u201cAs Aventuras de Poliana\u201d 15\/04: Lu\u00edsa demite Ant\u00f4nio e Nanci"},"content":{"rendered":"<p><strong><em><img loading=\"lazy\" decoding=\"async\" class=\"aligncenter size-large wp-image-148662\" src=\"https:\/\/migracao.redenoticia.com.br\/noticia\/imagens\/as-aventuras-de-poliana-novela-400x267.jpg\" alt=\"\" width=\"400\" height=\"267\" srcset=\"https:\/\/migracao.redenoticia.com.br\/noticia\/imagens\/as-aventuras-de-poliana-novela-400x267.jpg 400w, https:\/\/migracao.redenoticia.com.br\/noticia\/imagens\/as-aventuras-de-poliana-novela-250x167.jpg 250w, https:\/\/migracao.redenoticia.com.br\/noticia\/imagens\/as-aventuras-de-poliana-novela-150x100.jpg 150w, https:\/\/migracao.redenoticia.com.br\/noticia\/imagens\/as-aventuras-de-poliana-novela.jpg 600w\" sizes=\"auto, (max-width: 400px) 100vw, 400px\" \/>Resumo novela \u201cAs Aventuras de Poliana\u201d 15\/04 <\/em><\/strong>: no cap\u00edtulo 239(*) da novela, resumo de segunda-feira, 15 de abril, Lindomar repreende para Lorena por ela ter contado a Vini que ele canta bem. Os alunos se organizam para o trabalho do professor Marcelo. Lu\u00edsa procura Durval para conversar sobre suas contas, que est\u00e3o atrasadas (inclusive, a mensalidade da escola de Poliana). Roger conta a Ciro que gravou a voz de Pendleton para comparar com a de Otto e pede para ele levar at\u00e9 Jefferson, para que ele possa utilizar um programa de computador e descobrir a verdade. Afonso pede conselhos \u00e0 Durval. D\u00e9bora ajuda Kessya a se aprimorar na dan\u00e7a.<\/p>\n<p>Iuri segue Sophie e a v\u00ea entrando em uma mans\u00e3o, que ele n\u00e3o sabe de quem \u00e9. Nadine tenta descobrir mais sobre Marcelo e joga charme para ele. Raquel e Guilherme, Vini e Gabi e Jeff e Brenda se encontram na casa de Marcelo, em um \u201cencontro de casais\u201d. Jo\u00e3o, Kessya e Bento v\u00e3o \u00e0 casa de Poliana para ensaiarem para o trabalho de Marcelo. D\u00e9bora vai \u00e0 padaria e encontra Marcelo e Nadine. Mirela leva Luca ao encontro e todos ficam desconfort\u00e1veis. Lu\u00edsa chama Ant\u00f4nio e Nanci e os demite, por n\u00e3o ter como pag\u00e1-los. Poliana chora.<\/p>\n<p>Ant\u00f4nio diz que fica na casa, mesmo sem sal\u00e1rio. Enquanto Durval, Claudia e seus filhos jantam com as crian\u00e7as, Fernanda (sua ex-mulher) chega. No encontro de casais, eles come\u00e7am a jogar verdade ou desafio. Raquel pergunta a Luca se ele ficaria com Mirela e, na frente de todos, ele responde que sim. D\u00e9bora faz uma cena e briga com Marcelo. Claudia e as crian\u00e7as v\u00e3o embora do jantar. Nanci vai embora.<\/p>\n<p>(*) edi\u00e7\u00e3o do SBT, Novela \u201cAs Aventuras de Poliana\u201d, sujeito a altera\u00e7\u00e3o de data e conte\u00fado.<\/p>\n<p>Poliana \u00e9 uma menina extrovertida e de bom cora\u00e7\u00e3o que viajava o Brasil com seus pais, Lorenzo e Alice, no grupo circense Trupe Vagalume. Aos onze anos a garota v\u00ea seu mundo desabar quando seus pais falecem e ela tem que ir morar em S\u00e3o Paulo com sua tia Lu\u00edsa, uma mulher rica e severa, a qual ela n\u00e3o conhecia e que n\u00e3o queria cuidar dela, embora sinta que \u00e9 sua obriga\u00e7\u00e3o pela alma de sua irm\u00e3. Apesar do jeito da rigidez da tia, Poliana decide ter uma vis\u00e3o positiva e inabal\u00e1vel da vida, mesmo nos momentos de dificuldade, tentando levar um pouco de felicidade para a vida de cada um dos seus novos amigos e vizinhos, como o Sr. Pendleton, um homem rico e infeliz por nunca ter tido filhos. Ela vai estudar no col\u00e9gio de Ruth, uma diretora de bom cora\u00e7\u00e3o que a ajuda a se adaptar, mas tem que lidar com as vilanias de Mirela, garota mais velha que n\u00e3o aceita perder a popularidade para uma novata.<\/p>\n","protected":false},"excerpt":{"rendered":"<p>Resumo novela \u201cAs Aventuras de Poliana\u201d 15\/04 : no cap\u00edtulo 239(*) da novela, resumo de segunda-feira, 15 de abril, Lindomar repreende para Lorena por ela ter contado a Vini que ele canta bem. Os alunos se organizam para o trabalho do professor Marcelo. Lu\u00edsa procura Durval para conversar sobre suas contas, que est\u00e3o atrasadas (inclusive, [&hellip;]<\/p>\n","protected":false},"author":2,"featured_media":148663,"comment_status":"open","ping_status":"closed","sticky":false,"template":"","format":"standard","meta":{"tdm_status":"","tdm_grid_status":"","footnotes":""},"categories":[477,379,372,343],"tags":[441],"class_list":{"0":"post-174542","1":"post","2":"type-post","3":"status-publish","4":"format-standard","5":"has-post-thumbnail","7":"category-as-aventuras-de-poliana","8":"category-novelas","9":"category-sbt","10":"category-televisao","11":"tag-resumo-do-dia"},"_links":{"self":[{"href":"https:\/\/migracao.redenoticia.com.br\/noticia\/wp-json\/wp\/v2\/posts\/174542","targetHints":{"allow":["GET"]}}],"collection":[{"href":"https:\/\/migracao.redenoticia.com.br\/noticia\/wp-json\/wp\/v2\/posts"}],"about":[{"href":"https:\/\/migracao.redenoticia.com.br\/noticia\/wp-json\/wp\/v2\/types\/post"}],"author":[{"embeddable":true,"href":"https:\/\/migracao.redenoticia.com.br\/noticia\/wp-json\/wp\/v2\/users\/2"}],"replies":[{"embeddable":true,"href":"https:\/\/migracao.redenoticia.com.br\/noticia\/wp-json\/wp\/v2\/comments?post=174542"}],"version-history":[{"count":0,"href":"https:\/\/migracao.redenoticia.com.br\/noticia\/wp-json\/wp\/v2\/posts\/174542\/revisions"}],"wp:featuredmedia":[{"embeddable":true,"href":"https:\/\/migracao.redenoticia.com.br\/noticia\/wp-json\/wp\/v2\/media\/148663"}],"wp:attachment":[{"href":"https:\/\/migracao.redenoticia.com.br\/noticia\/wp-json\/wp\/v2\/media?parent=174542"}],"wp:term":[{"taxonomy":"category","embeddable":true,"href":"https:\/\/migracao.redenoticia.com.br\/noticia\/wp-json\/wp\/v2\/categories?post=174542"},{"taxonomy":"post_tag","embeddable":true,"href":"https:\/\/migracao.redenoticia.com.br\/noticia\/wp-json\/wp\/v2\/tags?post=174542"}],"curies":[{"name":"wp","href":"https:\/\/api.w.org\/{rel}","templated":true}]}}