{"id":174621,"date":"2019-04-15T16:33:48","date_gmt":"2019-04-15T19:33:48","guid":{"rendered":"https:\/\/www.redenoticia.com.br\/noticia\/?p=174621"},"modified":"2019-04-15T16:33:53","modified_gmt":"2019-04-15T19:33:53","slug":"resumo-novela-a-dona-16-04-brenda-avisa-alonso-que-ela-e-o-filho-vao-ao-seu-casamento","status":"publish","type":"post","link":"https:\/\/migracao.redenoticia.com.br\/noticia\/2019\/resumo-novela-a-dona-16-04-brenda-avisa-alonso-que-ela-e-o-filho-vao-ao-seu-casamento\/174621","title":{"rendered":"Resumo novela \u201cA Dona\u201d 16\/04: Brenda avisa Alonso que ela e o filho v\u00e3o ao seu casamento"},"content":{"rendered":"<p><img loading=\"lazy\" decoding=\"async\" class=\"aligncenter size-large wp-image-173633\" src=\"https:\/\/migracao.redenoticia.com.br\/noticia\/imagens\/a-dona-270x300.jpg\" alt=\"\" width=\"270\" height=\"300\" srcset=\"https:\/\/migracao.redenoticia.com.br\/noticia\/imagens\/a-dona-270x300.jpg 270w, https:\/\/migracao.redenoticia.com.br\/noticia\/imagens\/a-dona-168x187.jpg 168w, https:\/\/migracao.redenoticia.com.br\/noticia\/imagens\/a-dona.jpg 380w\" sizes=\"auto, (max-width: 270px) 100vw, 270px\" \/>Resumo da novela <strong><em>\u201cA Dona&#8221;<\/em><\/strong> em 16\/04: no cap\u00edtulo 012(*) da novela, ter\u00e7a-feira, 16 de abril, Valentina mostra a foto de Santiaguinho a Alonso e pergunta quem \u00e9 aquele garotinho. Alonso rapidamente responde que se trata do filho de sua prima e que ele apoia economicamente a eles, ent\u00e3o, como agradecimento, a prima lhe enviou uma foto do garoto. Valentina, comovida, diz a Alonso que quer conhecer o garoto e sua prima, e que faz quest\u00e3o que eles estejam em seu casamento. Receosa, Ivana l\u00ea no jornal uma not\u00edcia sobre a morte de Oscar e teme que N\u00e1dia fa\u00e7a algo que a envolva. Benita a observa de longe e lhe pergunta por que o interesse nessa not\u00edcia. Enfurecida, Ivana diz que Benita est\u00e1 lhe perseguindo e pede que a deixe em paz. Benita responde que conhece bem Ivana e sabe que seu carinho por Valentina n\u00e3o \u00e9 desinteressado. Ela afirma que, um dia, Valentina se dar\u00e1 conta disso. Ivana manda Benita se calar e diz que pedir\u00e1 a prima que a demita. Margarida \u00e9 humilhada por Alonso e lhe avisa que sabe de coisas que podem prejudic\u00e1-lo.<\/p>\n<p>Valentina diz a Alonso que ele tem raz\u00e3o em querer que vivam s\u00f3s e que ela ir\u00e1 procurar uma casa para eles. Brenda, acreditando que Ivana \u00e9 Valentina, conta sua hist\u00f3ria e a de seu filho com Alonso. O Delegado Toledo pergunta a Isabel onde estava Ivana no momento do assassinato de Oscar. Felipe tamb\u00e9m \u00e9 questionado pelo delegado e responde que estava com Ivana. O delegado diz que N\u00e1dia tem certeza que a assassina de seu esposo \u00e9 Ivana. Brenda diz a Alonso que ela e seu filho estar\u00e3o presentes em seu casamento com Valentina. Ivana, fora de si, grita com Dona Isabel dizendo estar cheia de sua predile\u00e7\u00e3o por Valentina.<\/p>\n<p>(*) edi\u00e7\u00e3o do SBT, Novela \u201cA Dona\u201d, sujeito a altera\u00e7\u00e3o de data e conte\u00fado.<\/p>\n<p>Destaques<\/p>\n<p>&#8220;A Dona&#8221; &#8211; Valentina Vila\u00e7a (Lucero) \u00e9 uma mulher que tem uma grande fortuna, que seus pais deixaram para ela quando morreram em um acidente de carro. Ela tem uma mans\u00e3o na Cidade do M\u00e9xico, onde vive com sua tia Isabel Rangel de Dorantes (Silvia Pinal), e sua prima Ivana Dorantes Rangel (Gabriela Spanic) que trata Valentina com muita indiferen\u00e7a e sente inveja dela.<\/p>\n<p>Tudo muda para Valentina quando seu noivo Alonso Penalva (David Zepeda), tramando com Ivana no dia de seu casamento, a deixa esperando no altar. A partir da\u00ed, Valentina se torna uma mulher amarga, e vai para sua fazenda, no interior. Chegando l\u00e1, ela conhece seu vizinho Jos\u00e9 Miguel Montesinos (Fernando Colunga).<\/p>\n","protected":false},"excerpt":{"rendered":"<p>Resumo da novela \u201cA Dona&#8221; em 16\/04: no cap\u00edtulo 012(*) da novela, ter\u00e7a-feira, 16 de abril, Valentina mostra a foto de Santiaguinho a Alonso e pergunta quem \u00e9 aquele garotinho. Alonso rapidamente responde que se trata do filho de sua prima e que ele apoia economicamente a eles, ent\u00e3o, como agradecimento, a prima lhe enviou [&hellip;]<\/p>\n","protected":false},"author":4,"featured_media":173626,"comment_status":"open","ping_status":"closed","sticky":false,"template":"","format":"standard","meta":{"tdm_status":"","tdm_grid_status":"","footnotes":""},"categories":[379,372,343],"tags":[441],"class_list":{"0":"post-174621","1":"post","2":"type-post","3":"status-publish","4":"format-standard","5":"has-post-thumbnail","7":"category-novelas","8":"category-sbt","9":"category-televisao","10":"tag-resumo-do-dia"},"_links":{"self":[{"href":"https:\/\/migracao.redenoticia.com.br\/noticia\/wp-json\/wp\/v2\/posts\/174621","targetHints":{"allow":["GET"]}}],"collection":[{"href":"https:\/\/migracao.redenoticia.com.br\/noticia\/wp-json\/wp\/v2\/posts"}],"about":[{"href":"https:\/\/migracao.redenoticia.com.br\/noticia\/wp-json\/wp\/v2\/types\/post"}],"author":[{"embeddable":true,"href":"https:\/\/migracao.redenoticia.com.br\/noticia\/wp-json\/wp\/v2\/users\/4"}],"replies":[{"embeddable":true,"href":"https:\/\/migracao.redenoticia.com.br\/noticia\/wp-json\/wp\/v2\/comments?post=174621"}],"version-history":[{"count":0,"href":"https:\/\/migracao.redenoticia.com.br\/noticia\/wp-json\/wp\/v2\/posts\/174621\/revisions"}],"wp:featuredmedia":[{"embeddable":true,"href":"https:\/\/migracao.redenoticia.com.br\/noticia\/wp-json\/wp\/v2\/media\/173626"}],"wp:attachment":[{"href":"https:\/\/migracao.redenoticia.com.br\/noticia\/wp-json\/wp\/v2\/media?parent=174621"}],"wp:term":[{"taxonomy":"category","embeddable":true,"href":"https:\/\/migracao.redenoticia.com.br\/noticia\/wp-json\/wp\/v2\/categories?post=174621"},{"taxonomy":"post_tag","embeddable":true,"href":"https:\/\/migracao.redenoticia.com.br\/noticia\/wp-json\/wp\/v2\/tags?post=174621"}],"curies":[{"name":"wp","href":"https:\/\/api.w.org\/{rel}","templated":true}]}}