{"id":174715,"date":"2019-06-27T00:36:46","date_gmt":"2019-06-27T03:36:46","guid":{"rendered":"https:\/\/www.redenoticia.com.br\/noticia\/?p=174715"},"modified":"2019-06-27T00:43:11","modified_gmt":"2019-06-27T03:43:11","slug":"top-chef-brasil-enquete-quem-merece-faturar-r-300-mil","status":"publish","type":"post","link":"https:\/\/migracao.redenoticia.com.br\/noticia\/2019\/top-chef-brasil-enquete-quem-merece-faturar-r-300-mil\/174715","title":{"rendered":"&#8220;Top Chef&#8221; Brasil: Giovanna Perrone impressiona os jurados e vence a competi\u00e7\u00e3o"},"content":{"rendered":"<p><img loading=\"lazy\" decoding=\"async\" class=\"aligncenter size-large wp-image-174755\" src=\"https:\/\/migracao.redenoticia.com.br\/noticia\/imagens\/top-chef-339x300.jpg\" alt=\"\" width=\"339\" height=\"300\" srcset=\"https:\/\/migracao.redenoticia.com.br\/noticia\/imagens\/top-chef-339x300.jpg 339w, https:\/\/migracao.redenoticia.com.br\/noticia\/imagens\/top-chef-211x187.jpg 211w, https:\/\/migracao.redenoticia.com.br\/noticia\/imagens\/top-chef.jpg 513w\" sizes=\"auto, (max-width: 339px) 100vw, 339px\" \/><\/p>\n<p>Felipe Bronze comanda o &#8220;<em><strong>Top Chef<\/strong><\/em>&#8221; e avalia os pratos dos participantes com o chef franc\u00eas Emmanuel Bassoleil e a jornalista e cr\u00edtica de gastronomia Ailin Aleixo. O &#8220;Top Chef&#8221; Brasil mostra, ao longo de 13 epis\u00f3dios, os desafios culin\u00e1rios e a conviv\u00eancia desses participantes em uma resid\u00eancia localizada na cidade de S\u00e3o Paulo. A competi\u00e7\u00e3o deu ao vencedor o pr\u00eamio de R$ 300 mil. Em 26\/06, os chefs finalistas prepararam um menu completo. Giovanna Perrone impressionou os jurados e venceu a competi\u00e7\u00e3o.<\/p>\n<p>Resultado da enquete<\/p>\n<p><script type=\"text\/javascript\" charset=\"utf-8\" data-cfasync=\"false\" src=\"https:\/\/secure.polldaddy.com\/p\/10296737.js\"><\/script><br \/>\n<noscript><a href=\"https:\/\/poll.fm\/10296737\">&#8220;Top Chef&#8221; Brasil enquete: quem merece faturar R$ 300 mil?<\/a><\/noscript><\/p>\n<p>Se voc\u00ea n\u00e3o est\u00e1 vendo a enquete, clique no link:<br \/>\n<a href=\"https:\/\/migracao.redenoticia.com.br\/noticia\/2019\/top-chef-brasil-enquete-quem-merece-faturar-r-300-mil\/174715\">&#8220;Top Chef&#8221; Brasil enquete: quem merece faturar R$ 300 mil?<\/a><\/p>\n<p>Concorrentes finalistas do &#8220;Top Chef&#8221;: Dadis, Gabriel, Giovanna.<\/p>\n<p>Eliminados &#8220;Top Chef&#8221;: Sheilla, Antonio Mendes, Thiago, Marcus, Ma\u00edra, Alex, Rog\u00e9rio, Antonio Filho, Carmem, Bia, Mariane, Rebecca e Florian.<\/p>\n<p>Perfil dos Competidores &#8220;Top Chef&#8221; 2019:<\/p>\n<p>Alex Sotero (Sotero): 39 anos. Nasceu no Rio de Janeiro (RJ) e mora em S\u00e3o Paulo (SP);<br \/>\nAntonio Filho (Tony): 38 anos. Nasceu em Jequi\u00e9 (BA) e mora em S\u00e3o Paulo (SP);<br \/>\nAntonio Mendes (Antonio): 31 anos. Nasceu no Rio de Janeiro (RJ) e mora em S\u00e3o Paulo (SP);<br \/>\nBia Leit\u00e3o (Bia): 37 anos. Nasceu e mora em Fortaleza (CE);<br \/>\nCarmem Fialho (Carmem): 32 anos. Nasceu em S\u00e3o Sebasti\u00e3o (SP) e mora em S\u00e3o Paulo (SP);<br \/>\nDadis Vilas Boas (Dadis): 29 anos. Nasceu e mora em S\u00e3o Paulo (SP);<br \/>\nFlorian Bassine (Florian): 26anos. Nasceu em Soissons (Fran\u00e7a) e mora em S\u00e3o Paulo (SP);<br \/>\nGabriel Vidolin (Gabriel): 30 anos. Nasceu e mora em S\u00e3o Jo\u00e3o da Boa Vista (SP);<br \/>\nGiovanna Perrone (Giovanna): 23 anos. Nasceu em Santos (SP) e mora em S\u00e3o Paulo (SP);<br \/>\nMa\u00edra Knox (Ma\u00edra): 36 anos. Nasceu no Rio de Janeiro (RJ) e mora em Jericoacoara (CE);<br \/>\nMarcus Santander (Marcus): 42 anos. Nasceu em Guaratinguet\u00e1 (SP) e mora em Londres (Inglaterra);<br \/>\nMariane Kolchraiber (Mariane): 26 anos. Nasceu em S\u00e3o Paulo (SP) e mora em Brest (Fran\u00e7a);<br \/>\nRebecca Lockwood (Rebecca): 41 anos. Nasceu no Rio de Janeiro (RJ) e mora em Paris (Fran\u00e7a);<br \/>\nRog\u00e9rio Cadu (Cadu):23 anos. Nasceu em Bel\u00e9m (PA) e mora em S\u00e3o Paulo (SP);<br \/>\nSheilla Furman (Sheila): 34 anos. Nasceu e mora em Belo Horizonte (MG);<br \/>\nThiago Cerqueira (Thiago): 31 anos. Nasceu em Belo Horizonte (MG) e mora em S\u00e3o Paulo (SP).<\/p>\n","protected":false},"excerpt":{"rendered":"<p>Felipe Bronze comanda o &#8220;Top Chef&#8221; e avalia os pratos dos participantes com o chef franc\u00eas Emmanuel Bassoleil e a jornalista e cr\u00edtica de gastronomia Ailin Aleixo. O &#8220;Top Chef&#8221; Brasil mostra, ao longo de 13 epis\u00f3dios, os desafios culin\u00e1rios e a conviv\u00eancia desses participantes em uma resid\u00eancia localizada na cidade de S\u00e3o Paulo. A [&hellip;]<\/p>\n","protected":false},"author":2,"featured_media":174753,"comment_status":"open","ping_status":"closed","sticky":false,"template":"","format":"standard","meta":{"tdm_status":"","tdm_grid_status":"","footnotes":""},"categories":[371,343],"tags":[521],"class_list":{"0":"post-174715","1":"post","2":"type-post","3":"status-publish","4":"format-standard","5":"has-post-thumbnail","7":"category-rede-record","8":"category-televisao","9":"tag-enquete"},"_links":{"self":[{"href":"https:\/\/migracao.redenoticia.com.br\/noticia\/wp-json\/wp\/v2\/posts\/174715","targetHints":{"allow":["GET"]}}],"collection":[{"href":"https:\/\/migracao.redenoticia.com.br\/noticia\/wp-json\/wp\/v2\/posts"}],"about":[{"href":"https:\/\/migracao.redenoticia.com.br\/noticia\/wp-json\/wp\/v2\/types\/post"}],"author":[{"embeddable":true,"href":"https:\/\/migracao.redenoticia.com.br\/noticia\/wp-json\/wp\/v2\/users\/2"}],"replies":[{"embeddable":true,"href":"https:\/\/migracao.redenoticia.com.br\/noticia\/wp-json\/wp\/v2\/comments?post=174715"}],"version-history":[{"count":0,"href":"https:\/\/migracao.redenoticia.com.br\/noticia\/wp-json\/wp\/v2\/posts\/174715\/revisions"}],"wp:featuredmedia":[{"embeddable":true,"href":"https:\/\/migracao.redenoticia.com.br\/noticia\/wp-json\/wp\/v2\/media\/174753"}],"wp:attachment":[{"href":"https:\/\/migracao.redenoticia.com.br\/noticia\/wp-json\/wp\/v2\/media?parent=174715"}],"wp:term":[{"taxonomy":"category","embeddable":true,"href":"https:\/\/migracao.redenoticia.com.br\/noticia\/wp-json\/wp\/v2\/categories?post=174715"},{"taxonomy":"post_tag","embeddable":true,"href":"https:\/\/migracao.redenoticia.com.br\/noticia\/wp-json\/wp\/v2\/tags?post=174715"}],"curies":[{"name":"wp","href":"https:\/\/api.w.org\/{rel}","templated":true}]}}