{"id":174719,"date":"2019-04-16T16:54:34","date_gmt":"2019-04-16T19:54:34","guid":{"rendered":"https:\/\/www.redenoticia.com.br\/noticia\/?p=174719"},"modified":"2019-04-16T16:54:40","modified_gmt":"2019-04-16T19:54:40","slug":"resumo-novela-teresa-17-04-fernando-descobre-que-teresa-nao-vai-se-casar-com-ele","status":"publish","type":"post","link":"https:\/\/migracao.redenoticia.com.br\/noticia\/2019\/resumo-novela-teresa-17-04-fernando-descobre-que-teresa-nao-vai-se-casar-com-ele\/174719","title":{"rendered":"Resumo novela \u201cTeresa\u201d 17\/04: Fernando descobre que Teresa n\u00e3o vai se casar com ele"},"content":{"rendered":"<p><strong><em><img loading=\"lazy\" decoding=\"async\" class=\"aligncenter size-large wp-image-153986\" src=\"https:\/\/migracao.redenoticia.com.br\/noticia\/imagens\/teresa-sbt-360x300.jpg\" alt=\"\" width=\"360\" height=\"300\" srcset=\"https:\/\/migracao.redenoticia.com.br\/noticia\/imagens\/teresa-sbt-360x300.jpg 360w, https:\/\/migracao.redenoticia.com.br\/noticia\/imagens\/teresa-sbt-224x187.jpg 224w, https:\/\/migracao.redenoticia.com.br\/noticia\/imagens\/teresa-sbt-150x125.jpg 150w, https:\/\/migracao.redenoticia.com.br\/noticia\/imagens\/teresa-sbt.jpg 503w\" sizes=\"auto, (max-width: 360px) 100vw, 360px\" \/>Resumo novela \u201cTeresa\u201d 17\/04 <\/em><\/strong>: no cap\u00edtulo 137(*) da novela, quarta-feira, 17 de abril, Arthur e Teresa se beijam. Ele a diz que j\u00e1 est\u00e3o divorciados e diz que n\u00e3o vai mais usar o anel do casamento, mas o jogar\u00e1 no lixo, assim como Teresa fez com a rela\u00e7\u00e3o que existia entre eles. Ir\u00f4nico, ele diz a Teresa que pode busc\u00e1-la na noite anterior ao casamento com Fernando, para que fa\u00e7am o mesmo que ela fez com Mariano antes deles se casarem. Mariano pede a Heitor a m\u00e3o de Aurora. Heitor aceita porque sabe que Aurora o ama, mas espera que desta vez ele fa\u00e7a valer esse amor e a corresponda. Teresa diz a Fernando que j\u00e1 est\u00e1 divorciada de Arthur. Ele a pede que adiantem o casamento. Teresa diz que n\u00e3o, pois quer que toda a gente importante da sociedade assista a essa cerim\u00f4nia. Teresa, astuta, consegue que Fernando coloque todas as empresas em seu nome, dizendo que s\u00f3 assim ele estar\u00e1 livre da influencia de Oriana.<\/p>\n<p>Teresa procura Oriana para pedir lhe, pela \u00faltima vez, que a aceite como nora, pois juntas podem fazer grandes neg\u00f3cios. Oriana responde que prefere estar morta. Oriana pede a Fernando que n\u00e3o se case com Teresa, e cancele todos os poderes que a deu sobre suas empresas. Fernando responde que n\u00e3o deseja voltar a ver Oriana. Neste instante, ela tem um derrame cerebral. Rubens culpa Teresa por tudo o que aconteceu. Ele acaba apreendido pela pol\u00edcia. Teresa, diz a Oriana que \u00e9 a \u00fanica dona de todos os bens de Fernando, mas jamais a abandonar\u00e1.<\/p>\n<p>Ela diz que levar\u00e1 a futura sogra a sua casa para poder cuid\u00e1-la melhor. Regina tenta convencer Teresa para que ela n\u00e3o se case. Teresa responde que j\u00e1 decidiu e at\u00e9 uma importante revista j\u00e1 a prometeu a capa da pr\u00f3xima edi\u00e7\u00e3o para seu casamento. Regina e Joana choram decepcionadas porque Teresa as tratou como empregadas diante do jornalista. Teresa, c\u00ednica, diz a Fernando que vai fazer o gosto de Oriana e n\u00e3o ir\u00e1 mais se casar com ele. Desolado, Fernando diz que Oriana sempre teve raz\u00e3o. Teresa responde que ele fez o mesmo com Luisa, ao se dar conta que n\u00e3o a amava.<\/p>\n<p>(*) edi\u00e7\u00e3o do SBT, Novela \u201cTeresa\u201d, sujeito a altera\u00e7\u00e3o de data e conte\u00fado.<\/p>\n<p>&#8220;Teresa&#8221; \u00e9 uma jovem dominada pela ambi\u00e7\u00e3o, mas n\u00e3o est\u00e1 disposta a trabalhar para melhorar sua condi\u00e7\u00e3o social e opta pelo caminho do engano e da trai\u00e7\u00e3o. Seus pais fizeram um grande sacrif\u00edcio para lhe dar uma vida digna e sem car\u00eancias, mas para ela nada \u00e9 suficiente. Mariano est\u00e1 loucamente apaixonado por ela, a apoia incondicionalmente e est\u00e1 sempre a sua disposi\u00e7\u00e3o. Mas ela, apesar de gostar de Mariano, o v\u00ea apenas como algo de sua propriedade. Sempre que tem oportunidade, deixa o jovem para ir atr\u00e1s de homens com poder e fortuna. Ela s\u00f3 volta a ficar com ele quando sabe que h\u00e1 outras mulheres interessadas.<\/p>\n","protected":false},"excerpt":{"rendered":"<p>Resumo novela \u201cTeresa\u201d 17\/04 : no cap\u00edtulo 137(*) da novela, quarta-feira, 17 de abril, Arthur e Teresa se beijam. Ele a diz que j\u00e1 est\u00e3o divorciados e diz que n\u00e3o vai mais usar o anel do casamento, mas o jogar\u00e1 no lixo, assim como Teresa fez com a rela\u00e7\u00e3o que existia entre eles. Ir\u00f4nico, ele [&hellip;]<\/p>\n","protected":false},"author":4,"featured_media":82052,"comment_status":"open","ping_status":"closed","sticky":false,"template":"","format":"standard","meta":{"tdm_status":"","tdm_grid_status":"","footnotes":""},"categories":[379,372,343],"tags":[441],"class_list":{"0":"post-174719","1":"post","2":"type-post","3":"status-publish","4":"format-standard","5":"has-post-thumbnail","7":"category-novelas","8":"category-sbt","9":"category-televisao","10":"tag-resumo-do-dia"},"_links":{"self":[{"href":"https:\/\/migracao.redenoticia.com.br\/noticia\/wp-json\/wp\/v2\/posts\/174719","targetHints":{"allow":["GET"]}}],"collection":[{"href":"https:\/\/migracao.redenoticia.com.br\/noticia\/wp-json\/wp\/v2\/posts"}],"about":[{"href":"https:\/\/migracao.redenoticia.com.br\/noticia\/wp-json\/wp\/v2\/types\/post"}],"author":[{"embeddable":true,"href":"https:\/\/migracao.redenoticia.com.br\/noticia\/wp-json\/wp\/v2\/users\/4"}],"replies":[{"embeddable":true,"href":"https:\/\/migracao.redenoticia.com.br\/noticia\/wp-json\/wp\/v2\/comments?post=174719"}],"version-history":[{"count":0,"href":"https:\/\/migracao.redenoticia.com.br\/noticia\/wp-json\/wp\/v2\/posts\/174719\/revisions"}],"wp:featuredmedia":[{"embeddable":true,"href":"https:\/\/migracao.redenoticia.com.br\/noticia\/wp-json\/wp\/v2\/media\/82052"}],"wp:attachment":[{"href":"https:\/\/migracao.redenoticia.com.br\/noticia\/wp-json\/wp\/v2\/media?parent=174719"}],"wp:term":[{"taxonomy":"category","embeddable":true,"href":"https:\/\/migracao.redenoticia.com.br\/noticia\/wp-json\/wp\/v2\/categories?post=174719"},{"taxonomy":"post_tag","embeddable":true,"href":"https:\/\/migracao.redenoticia.com.br\/noticia\/wp-json\/wp\/v2\/tags?post=174719"}],"curies":[{"name":"wp","href":"https:\/\/api.w.org\/{rel}","templated":true}]}}