{"id":174725,"date":"2019-04-16T16:57:20","date_gmt":"2019-04-16T19:57:20","guid":{"rendered":"https:\/\/www.redenoticia.com.br\/noticia\/?p=174725"},"modified":"2019-04-16T16:57:26","modified_gmt":"2019-04-16T19:57:26","slug":"resumo-novela-a-que-nao-podia-amar-17-04-rogerio-descobre-que-ana-foi-embora-da-fazenda","status":"publish","type":"post","link":"https:\/\/migracao.redenoticia.com.br\/noticia\/2019\/resumo-novela-a-que-nao-podia-amar-17-04-rogerio-descobre-que-ana-foi-embora-da-fazenda\/174725","title":{"rendered":"Resumo novela \u201cA Que N\u00e3o Podia Amar\u201d 17\/04: Rog\u00e9rio descobre que Ana foi embora da fazenda"},"content":{"rendered":"<p><strong><em><img loading=\"lazy\" decoding=\"async\" class=\"aligncenter size-large wp-image-173635\" src=\"https:\/\/migracao.redenoticia.com.br\/noticia\/imagens\/a-que-nao-podia-amar-400x271.jpg\" alt=\"\" width=\"400\" height=\"271\" srcset=\"https:\/\/migracao.redenoticia.com.br\/noticia\/imagens\/a-que-nao-podia-amar-400x271.jpg 400w, https:\/\/migracao.redenoticia.com.br\/noticia\/imagens\/a-que-nao-podia-amar-250x169.jpg 250w, https:\/\/migracao.redenoticia.com.br\/noticia\/imagens\/a-que-nao-podia-amar-560x379.jpg 560w, https:\/\/migracao.redenoticia.com.br\/noticia\/imagens\/a-que-nao-podia-amar.jpg 620w\" sizes=\"auto, (max-width: 400px) 100vw, 400px\" \/><\/em><\/strong><\/p>\n<p>Resumo da novela<strong><em> \u201cA Que N\u00e3o Podia Amar\u201d&nbsp;<\/em><\/strong> em 17\/04 : no cap\u00edtulo 008(*) da novela, quarta-feira, 17 de abril, Rog\u00e9rio pede a Ana Paula que se retire. Ela tenta se justificar, dizendo que a proibiu de entrar para n\u00e3o prejudicar sua sa\u00fade. Rosaura diz a Bruno que ele prometeu cuidar de sua sobrinha e pede a ele que a avise se algum rapaz se aproximar dela. Ana Paula, chorando, diz a Marquinho que Rog\u00e9rio a tratou muito mal. Vanessa diz a Rog\u00e9rio que est\u00e1 muito arrependida, diz que seu casamento foi um fracasso e que est\u00e1 se divorciando. Rog\u00e9rio pergunta se assim que estiver divorciada seria capaz de se casar com ele ainda que seja inv\u00e1lido. Vanessa diz que tem coisas para resolver primeiro e, Rog\u00e9rio, furioso, diz que ela continua sendo a mesma, que s\u00f3 pensa no que \u00e9 vantajoso para seu pai, e a convida a se retirar.<\/p>\n<p>Cintia tenta defender Vanessa e enfrenta a agressividade do irm\u00e3o. Mais tarde, Ana Paula recrimina Rog\u00e9rio, pois ela sabe que continua sofrendo por Vanessa, ele se d\u00e1 conta que ela est\u00e1 com ci\u00fames. Ela o aconselha a esquecer Vanessa e est\u00e1 convencida que Rog\u00e9rio ainda a ama. Cintia pro\u00edbe Ana Paula de interferir nas brigas com seu irm\u00e3o. Como prova de que Vanessa est\u00e1 sendo sincera, Rog\u00e9rio a obriga a dizer ao pai que ele n\u00e3o tem interesse em renovar o contrato. Vanessa diz a Cintia que tem certeza que Rog\u00e9rio vai perdo\u00e1-la. Bruno mostra as marcas das chicotadas que Rog\u00e9rio lhe fez e fala que trabalhar para ele \u00e9 um verdadeiro inferno.<\/p>\n<p>Rog\u00e9rio se encontra em seu escrit\u00f3rio, de repente chega Ana Paula e diz que vai deixar o emprego por que n\u00e3o suporta ver como maltrata as pessoas \u00e0 sua volta. No alto de sua arrog\u00e2ncia ele diz que ningu\u00e9m pede demiss\u00e3o a ele, lembra que ela tem um contrato assinado e ter\u00e1 que cumpri-lo. Vanessa n\u00e3o cumpre a promessa que fez a Rog\u00e9rio e diz ao pai que o contrato n\u00e3o ser\u00e1 cancelado. Rog\u00e9rio pede a Maria que diga a Ana Paula que a espera para o caf\u00e9 da manh\u00e3. Maria diz que sua enfermeira foi embora da fazenda.<\/p>\n<p>(*) edi\u00e7\u00e3o do SBT, Novela \u201cA Que N\u00e3o Podia Amar\u201d, sujeito a altera\u00e7\u00e3o de data e conte\u00fado.<\/p>\n<p>Destaques<\/p>\n<p>&#8220;A Que N\u00e3o Podia Amar&#8221;- Ana Paula, uma enfermeira humilde que se v\u00ea obrigada a trabalhar na casa de Rog\u00e9rio Montero (Jorge Salinas), um homem amargurado. Rog\u00e9rio sofre por ser parapl\u00e9gico e destrata todas as pessoas. Ana Paula atura tudo calada e o rica\u00e7o se apaixona por ela.<\/p>\n<p>Ana conhece Gustavo Duran (Jos\u00e9 Ron), um engenheiro nobre e trabalhador. Os dois se apaixonam, mas ter\u00e3o de enfrentar Rog\u00e9rio, j\u00e1 que ele tamb\u00e9m gosta da mocinha, formando assim, um tri\u00e2ngulo amoroso com terr\u00edveis consequ\u00eancias.<\/p>\n","protected":false},"excerpt":{"rendered":"<p>Resumo da novela \u201cA Que N\u00e3o Podia Amar\u201d&nbsp; em 17\/04 : no cap\u00edtulo 008(*) da novela, quarta-feira, 17 de abril, Rog\u00e9rio pede a Ana Paula que se retire. Ela tenta se justificar, dizendo que a proibiu de entrar para n\u00e3o prejudicar sua sa\u00fade. Rosaura diz a Bruno que ele prometeu cuidar de sua sobrinha e [&hellip;]<\/p>\n","protected":false},"author":4,"featured_media":173627,"comment_status":"open","ping_status":"closed","sticky":false,"template":"","format":"standard","meta":{"tdm_status":"","tdm_grid_status":"","footnotes":""},"categories":[379,372,343],"tags":[441],"class_list":{"0":"post-174725","1":"post","2":"type-post","3":"status-publish","4":"format-standard","5":"has-post-thumbnail","7":"category-novelas","8":"category-sbt","9":"category-televisao","10":"tag-resumo-do-dia"},"_links":{"self":[{"href":"https:\/\/migracao.redenoticia.com.br\/noticia\/wp-json\/wp\/v2\/posts\/174725","targetHints":{"allow":["GET"]}}],"collection":[{"href":"https:\/\/migracao.redenoticia.com.br\/noticia\/wp-json\/wp\/v2\/posts"}],"about":[{"href":"https:\/\/migracao.redenoticia.com.br\/noticia\/wp-json\/wp\/v2\/types\/post"}],"author":[{"embeddable":true,"href":"https:\/\/migracao.redenoticia.com.br\/noticia\/wp-json\/wp\/v2\/users\/4"}],"replies":[{"embeddable":true,"href":"https:\/\/migracao.redenoticia.com.br\/noticia\/wp-json\/wp\/v2\/comments?post=174725"}],"version-history":[{"count":0,"href":"https:\/\/migracao.redenoticia.com.br\/noticia\/wp-json\/wp\/v2\/posts\/174725\/revisions"}],"wp:featuredmedia":[{"embeddable":true,"href":"https:\/\/migracao.redenoticia.com.br\/noticia\/wp-json\/wp\/v2\/media\/173627"}],"wp:attachment":[{"href":"https:\/\/migracao.redenoticia.com.br\/noticia\/wp-json\/wp\/v2\/media?parent=174725"}],"wp:term":[{"taxonomy":"category","embeddable":true,"href":"https:\/\/migracao.redenoticia.com.br\/noticia\/wp-json\/wp\/v2\/categories?post=174725"},{"taxonomy":"post_tag","embeddable":true,"href":"https:\/\/migracao.redenoticia.com.br\/noticia\/wp-json\/wp\/v2\/tags?post=174725"}],"curies":[{"name":"wp","href":"https:\/\/api.w.org\/{rel}","templated":true}]}}