{"id":1748,"date":"2009-05-18T15:32:58","date_gmt":"2009-05-18T19:32:58","guid":{"rendered":"http:\/\/www.redenoticia.com.br\/noticia\/?p=1748"},"modified":"2009-05-18T16:36:11","modified_gmt":"2009-05-18T20:36:11","slug":"em-ji-parana-dengue-nao-tem-vez","status":"publish","type":"post","link":"https:\/\/migracao.redenoticia.com.br\/noticia\/2009\/em-ji-parana-dengue-nao-tem-vez\/1748","title":{"rendered":"Em Ji-Paran\u00e1, dengue n\u00e3o tem vez"},"content":{"rendered":"<p><span style=\"font-family: Arial;\">As campanhas de conscientiza\u00e7\u00e3o e pr\u00e1ticas de combate contra a dengue apresentam resultados positivos, segundo a Secretaria Municipal de Sa\u00fade.<\/span><\/p>\n<p class=\"MsoNormal\"><span style=\"font-family: Arial;\">Em 2008, o munic\u00edpio teve um registro de 6,7% de infesta\u00e7\u00e3o predial do mosquito, e este ano o \u00edndice de infesta\u00e7\u00e3o est\u00e1 em 1,05%, considerado baixo pelo Minist\u00e9rio da Sa\u00fade.<\/span><\/p>\n<p><span style=\"font-family: Arial;\">Cinq\u00fcenta e dois servidores da Funda\u00e7\u00e3o Nacional de Sa\u00fade (FUNASA) estiveram presentes em todos aos bairros da cidade, conscientizando a popula\u00e7\u00e3o sobre os perigos da dengue, e fazendo a elimina\u00e7\u00e3o de focos e o tratamento de \u00e1gua parada. <\/span><\/p>\n","protected":false},"excerpt":{"rendered":"<p>As campanhas de conscientiza\u00e7\u00e3o e pr\u00e1ticas de combate contra a dengue apresentam resultados positivos, segundo a Secretaria Municipal de Sa\u00fade. Em 2008, o munic\u00edpio teve um registro de 6,7% de infesta\u00e7\u00e3o predial do mosquito, e este ano o \u00edndice de infesta\u00e7\u00e3o est\u00e1 em 1,05%, considerado baixo pelo Minist\u00e9rio da Sa\u00fade. Cinq\u00fcenta e dois servidores da [&hellip;]<\/p>\n","protected":false},"author":3,"featured_media":0,"comment_status":"open","ping_status":"open","sticky":false,"template":"","format":"standard","meta":{"tdm_status":"","tdm_grid_status":"","footnotes":""},"categories":[22],"tags":[],"class_list":{"0":"post-1748","1":"post","2":"type-post","3":"status-publish","4":"format-standard","6":"category-brasil"},"_links":{"self":[{"href":"https:\/\/migracao.redenoticia.com.br\/noticia\/wp-json\/wp\/v2\/posts\/1748","targetHints":{"allow":["GET"]}}],"collection":[{"href":"https:\/\/migracao.redenoticia.com.br\/noticia\/wp-json\/wp\/v2\/posts"}],"about":[{"href":"https:\/\/migracao.redenoticia.com.br\/noticia\/wp-json\/wp\/v2\/types\/post"}],"author":[{"embeddable":true,"href":"https:\/\/migracao.redenoticia.com.br\/noticia\/wp-json\/wp\/v2\/users\/3"}],"replies":[{"embeddable":true,"href":"https:\/\/migracao.redenoticia.com.br\/noticia\/wp-json\/wp\/v2\/comments?post=1748"}],"version-history":[{"count":0,"href":"https:\/\/migracao.redenoticia.com.br\/noticia\/wp-json\/wp\/v2\/posts\/1748\/revisions"}],"wp:attachment":[{"href":"https:\/\/migracao.redenoticia.com.br\/noticia\/wp-json\/wp\/v2\/media?parent=1748"}],"wp:term":[{"taxonomy":"category","embeddable":true,"href":"https:\/\/migracao.redenoticia.com.br\/noticia\/wp-json\/wp\/v2\/categories?post=1748"},{"taxonomy":"post_tag","embeddable":true,"href":"https:\/\/migracao.redenoticia.com.br\/noticia\/wp-json\/wp\/v2\/tags?post=1748"}],"curies":[{"name":"wp","href":"https:\/\/api.w.org\/{rel}","templated":true}]}}