{"id":174843,"date":"2019-05-05T19:23:36","date_gmt":"2019-05-05T22:23:36","guid":{"rendered":"https:\/\/www.redenoticia.com.br\/noticia\/?p=174843"},"modified":"2019-05-05T19:54:59","modified_gmt":"2019-05-05T22:54:59","slug":"novela-o-setimo-guardiao-mirtes-tem-visao-de-seu-filho-morto","status":"publish","type":"post","link":"https:\/\/migracao.redenoticia.com.br\/noticia\/2019\/novela-o-setimo-guardiao-mirtes-tem-visao-de-seu-filho-morto\/174843","title":{"rendered":"Novela \u201cO S\u00e9timo Guardi\u00e3o\u201d: Mirtes quer tirar corpo de Aranha do cabar\u00e9"},"content":{"rendered":"<p><strong><em><img loading=\"lazy\" decoding=\"async\" class=\"aligncenter size-large wp-image-154961\" src=\"https:\/\/migracao.redenoticia.com.br\/noticia\/imagens\/o-setimo-guardiao-1-396x300.jpg\" alt=\"\" width=\"396\" height=\"300\" srcset=\"https:\/\/migracao.redenoticia.com.br\/noticia\/imagens\/o-setimo-guardiao-1-396x300.jpg 396w, https:\/\/migracao.redenoticia.com.br\/noticia\/imagens\/o-setimo-guardiao-1-247x187.jpg 247w, https:\/\/migracao.redenoticia.com.br\/noticia\/imagens\/o-setimo-guardiao-1-150x114.jpg 150w, https:\/\/migracao.redenoticia.com.br\/noticia\/imagens\/o-setimo-guardiao-1-534x405.jpg 534w, https:\/\/migracao.redenoticia.com.br\/noticia\/imagens\/o-setimo-guardiao-1.jpg 535w\" sizes=\"auto, (max-width: 396px) 100vw, 396px\" \/>&nbsp;<\/em><\/strong><\/p>\n<p><strong><em>Novela &#8220;O S\u00e9timo Guardi\u00e3o\u201d:<\/em><\/strong> Aranha (Paulo Rocha) recebe uma mensagem, de um celular desconhecido, para se encontrar com Adamastor (Theodoro Cochrane) e falar sobre a morte de Ondina (Ana Beatriz Nogueira).&nbsp;O recado ser\u00e1 enviado sob a alega\u00e7\u00e3o de que \u00e9 de Luciana (Josie Pessoa) porque o aparelho do barman estaria com problemas. O m\u00e9dico sai de casa e algu\u00e9m observar seus passos.<\/p>\n<p>No local, uma mesa com uma garrafa de u\u00edsque, um copo e um bilhete: &#8220;Fui na pousada resolver um problema. Enquanto me espera, toma uma dose desse u\u00edsque que &#8216;mam\u00e3e&#8217; guardava s\u00f3 pra ocasi\u00f5es especiais&#8221;.<\/p>\n<p>Aranha comenta: &#8220;Eu nem bebo. Mas se \u00e9 pra fazer uma homenagem a Ondina&#8230; Conta comigo, Adamastor. N\u00e3o posso fazer uma desfeita pra quem foi t\u00e3o generoso comigo sempre&#8230; O momento pede&#8230; Hum, tem cheiro de cravos&#8221;.<\/p>\n<p>Enquanto isso, Mirtes (Elizabeth Savala), que assumiu a loja de Milu (Zez\u00e9 Polessa) e passou a ter vis\u00f5es na bola de cristal ficar\u00e1 assombrada: &#8220;O que \u00e9 isso? Est\u00e1 parecendo meu filho morto&#8221;.<\/p>\n<p>Mirtes ficar\u00e1 aterrorizada e vai at\u00e9 a casa de Stela (Vanessa Gi\u00e1como) para esperar o filho chegar. Elas passam a noite acordadas, mas Aranha n\u00e3o aparece. No dia seguinte, Adamastor encontra o corpo de Aranha. Mirtes encontra Adamastor e ele confirma que Aranha morreu. Mirtes diz que quer tirar o filho do cabar\u00e9 e lev\u00e1-lo para casa.<\/p>\n<p>Cena prevista para in\u00edcio de maio na novela \u201cO S\u00e9timo Guardi\u00e3o\u201d.<\/p>\n<p>Sinopse \u201cO S\u00e9timo Guardi\u00e3o\u201d: \u00c0 primeira vista, Serro Azul pode parecer apenas mais uma t\u00edpica cidade do interior, pacata e cercada por montanhas, onde avan\u00e7os tecnol\u00f3gicos como internet e telefonia celular ainda n\u00e3o chegaram. Um lugar pelo qual quem passa n\u00e3o d\u00e1 muita aten\u00e7\u00e3o, sem saber o que est\u00e1 perdendo, afinal, uma cidade que \u00e9 vizinha de Greenville e Tubiancanga n\u00e3o poderia deixar de ter suas peculiaridades.<\/p>\n<p>A principal delas \u00e9 uma fonte com propriedades curativas e rejuvenescedoras, que \u00e9 a parte mais externa de um gigantesco aqu\u00edfero, uma enorme reserva daquilo que a cada dia se torna o bem mais precioso da Terra: a \u00e1gua. Essa fonte \u00e9 protegida por sete guardi\u00e3es que t\u00eam como miss\u00e3o garantir que essa riqueza n\u00e3o chegue \u00e0s m\u00e3os erradas.<\/p>\n","protected":false},"excerpt":{"rendered":"<p>&nbsp; Novela &#8220;O S\u00e9timo Guardi\u00e3o\u201d: Aranha (Paulo Rocha) recebe uma mensagem, de um celular desconhecido, para se encontrar com Adamastor (Theodoro Cochrane) e falar sobre a morte de Ondina (Ana Beatriz Nogueira).&nbsp;O recado ser\u00e1 enviado sob a alega\u00e7\u00e3o de que \u00e9 de Luciana (Josie Pessoa) porque o aparelho do barman estaria com problemas. O m\u00e9dico [&hellip;]<\/p>\n","protected":false},"author":2,"featured_media":159064,"comment_status":"open","ping_status":"closed","sticky":false,"template":"","format":"standard","meta":{"tdm_status":"","tdm_grid_status":"","footnotes":""},"categories":[388,379,530,375,343],"tags":[440],"class_list":{"0":"post-174843","1":"post","2":"type-post","3":"status-publish","4":"format-standard","5":"has-post-thumbnail","7":"category-destaques","8":"category-novelas","9":"category-o-setimo-guardiao","10":"category-rede-globo","11":"category-televisao","12":"tag-noticia-novela"},"_links":{"self":[{"href":"https:\/\/migracao.redenoticia.com.br\/noticia\/wp-json\/wp\/v2\/posts\/174843","targetHints":{"allow":["GET"]}}],"collection":[{"href":"https:\/\/migracao.redenoticia.com.br\/noticia\/wp-json\/wp\/v2\/posts"}],"about":[{"href":"https:\/\/migracao.redenoticia.com.br\/noticia\/wp-json\/wp\/v2\/types\/post"}],"author":[{"embeddable":true,"href":"https:\/\/migracao.redenoticia.com.br\/noticia\/wp-json\/wp\/v2\/users\/2"}],"replies":[{"embeddable":true,"href":"https:\/\/migracao.redenoticia.com.br\/noticia\/wp-json\/wp\/v2\/comments?post=174843"}],"version-history":[{"count":0,"href":"https:\/\/migracao.redenoticia.com.br\/noticia\/wp-json\/wp\/v2\/posts\/174843\/revisions"}],"wp:featuredmedia":[{"embeddable":true,"href":"https:\/\/migracao.redenoticia.com.br\/noticia\/wp-json\/wp\/v2\/media\/159064"}],"wp:attachment":[{"href":"https:\/\/migracao.redenoticia.com.br\/noticia\/wp-json\/wp\/v2\/media?parent=174843"}],"wp:term":[{"taxonomy":"category","embeddable":true,"href":"https:\/\/migracao.redenoticia.com.br\/noticia\/wp-json\/wp\/v2\/categories?post=174843"},{"taxonomy":"post_tag","embeddable":true,"href":"https:\/\/migracao.redenoticia.com.br\/noticia\/wp-json\/wp\/v2\/tags?post=174843"}],"curies":[{"name":"wp","href":"https:\/\/api.w.org\/{rel}","templated":true}]}}