{"id":17485,"date":"2009-11-16T16:09:14","date_gmt":"2009-11-16T20:09:14","guid":{"rendered":"http:\/\/www.redenoticia.com.br\/noticia\/?p=17485"},"modified":"2009-11-16T16:09:48","modified_gmt":"2009-11-16T20:09:48","slug":"cavaleiros-do-forro-canta-sucessos-no-domingao-do-faustao","status":"publish","type":"post","link":"https:\/\/migracao.redenoticia.com.br\/noticia\/2009\/cavaleiros-do-forro-canta-sucessos-no-domingao-do-faustao\/17485","title":{"rendered":"Cavaleiros do Forr\u00f3 canta sucessos no Doming\u00e3o do Faust\u00e3o"},"content":{"rendered":"<p><img loading=\"lazy\" decoding=\"async\" class=\"alignleft size-full wp-image-17487\" title=\"cavaleiros do forro\" src=\"https:\/\/migracao.redenoticia.com.br\/noticia\/imagens\/cavaleiros-do-forro1.jpg\" alt=\"cavaleiros do forro\" width=\"300\" height=\"193\" srcset=\"https:\/\/migracao.redenoticia.com.br\/noticia\/imagens\/cavaleiros-do-forro1.jpg 300w, https:\/\/migracao.redenoticia.com.br\/noticia\/imagens\/cavaleiros-do-forro1-250x160.jpg 250w, https:\/\/migracao.redenoticia.com.br\/noticia\/imagens\/cavaleiros-do-forro1-150x96.jpg 150w\" sizes=\"auto, (max-width: 300px) 100vw, 300px\" \/>No \u00faltimo domingo, 15\/11, a banda natalense <strong>Cavaleiros do Forr\u00f3<\/strong>, que tem mais de 2,5 milh\u00f5es de CDs vendidos, agitou o programa <strong>Doming\u00e3o do Faust\u00e3o<\/strong>, da <strong>TV Globo<\/strong>, com um ritmo que conquistou o Brasil, o forr\u00f3 el\u00e9trico. Os vocalistas Jailson Santos, Ramon Costa e Eliza Cl\u00edvia, a pedido do apresentador Fausto Silva, falaram sobre as composi\u00e7\u00f5es de suas m\u00fasicas, sobre as letras de forr\u00f3 de duplo sentido e cantaram alguns dos seus sucessos como &#8220;Senta Que \u00c9 de Menta&#8221;, &#8220;Copo de Vinho&#8221;, hit do funk que ganhou releitura ao som do forr\u00f3, e &#8220;Cacha\u00e7a, Mulher e Gaia&#8221;.<\/p>\n<p>A banda de Natal (RN), com seus hits envolventes, levantou a plateia. &#8220;Foi bom demais! A galera do Doming\u00e3o mostrou que sabia tudo de Cavaleiros do Forr\u00f3. Eles cantaram e dan\u00e7aram junto com a gente&#8221;, comemora o vocalista Ramon Costa.<\/p>\n<p>Prestes a completar oito anos de carreira, no pr\u00f3ximo dia 20\/11, e com uma m\u00e9dia de 28 shows por m\u00eas, a banda Cavaleiros do Forr\u00f3, que contagia o p\u00fablico por onde passa, \u00e9 vista como refer\u00eancia da m\u00fasica nordestina e brasileira.<\/p>\n","protected":false},"excerpt":{"rendered":"<p>No \u00faltimo domingo, 15\/11, a banda natalense Cavaleiros do Forr\u00f3, que tem mais de 2,5 milh\u00f5es de CDs vendidos, agitou o programa Doming\u00e3o do Faust\u00e3o, da TV Globo, com um ritmo que conquistou o Brasil, o forr\u00f3 el\u00e9trico. Os vocalistas Jailson Santos, Ramon Costa e Eliza Cl\u00edvia, a pedido do apresentador Fausto Silva, falaram sobre [&hellip;]<\/p>\n","protected":false},"author":3,"featured_media":0,"comment_status":"open","ping_status":"open","sticky":false,"template":"","format":"standard","meta":{"tdm_status":"","tdm_grid_status":"","footnotes":""},"categories":[375,343],"tags":[],"class_list":{"0":"post-17485","1":"post","2":"type-post","3":"status-publish","4":"format-standard","6":"category-rede-globo","7":"category-televisao"},"_links":{"self":[{"href":"https:\/\/migracao.redenoticia.com.br\/noticia\/wp-json\/wp\/v2\/posts\/17485","targetHints":{"allow":["GET"]}}],"collection":[{"href":"https:\/\/migracao.redenoticia.com.br\/noticia\/wp-json\/wp\/v2\/posts"}],"about":[{"href":"https:\/\/migracao.redenoticia.com.br\/noticia\/wp-json\/wp\/v2\/types\/post"}],"author":[{"embeddable":true,"href":"https:\/\/migracao.redenoticia.com.br\/noticia\/wp-json\/wp\/v2\/users\/3"}],"replies":[{"embeddable":true,"href":"https:\/\/migracao.redenoticia.com.br\/noticia\/wp-json\/wp\/v2\/comments?post=17485"}],"version-history":[{"count":0,"href":"https:\/\/migracao.redenoticia.com.br\/noticia\/wp-json\/wp\/v2\/posts\/17485\/revisions"}],"wp:attachment":[{"href":"https:\/\/migracao.redenoticia.com.br\/noticia\/wp-json\/wp\/v2\/media?parent=17485"}],"wp:term":[{"taxonomy":"category","embeddable":true,"href":"https:\/\/migracao.redenoticia.com.br\/noticia\/wp-json\/wp\/v2\/categories?post=17485"},{"taxonomy":"post_tag","embeddable":true,"href":"https:\/\/migracao.redenoticia.com.br\/noticia\/wp-json\/wp\/v2\/tags?post=17485"}],"curies":[{"name":"wp","href":"https:\/\/api.w.org\/{rel}","templated":true}]}}