{"id":174853,"date":"2019-04-18T17:48:12","date_gmt":"2019-04-18T20:48:12","guid":{"rendered":"https:\/\/www.redenoticia.com.br\/noticia\/?p=174853"},"modified":"2019-04-18T17:48:18","modified_gmt":"2019-04-18T20:48:18","slug":"resumo-novela-a-dona-19-04-valentina-ordena-que-queimem-os-pertences-de-rodrigo","status":"publish","type":"post","link":"https:\/\/migracao.redenoticia.com.br\/noticia\/2019\/resumo-novela-a-dona-19-04-valentina-ordena-que-queimem-os-pertences-de-rodrigo\/174853","title":{"rendered":"Resumo novela \u201cA Dona\u201d 19\/04: Valentina ordena que queimem os pertences de Rodrigo"},"content":{"rendered":"<p><img loading=\"lazy\" decoding=\"async\" class=\"aligncenter size-large wp-image-173633\" src=\"https:\/\/migracao.redenoticia.com.br\/noticia\/imagens\/a-dona-270x300.jpg\" alt=\"\" width=\"270\" height=\"300\" srcset=\"https:\/\/migracao.redenoticia.com.br\/noticia\/imagens\/a-dona-270x300.jpg 270w, https:\/\/migracao.redenoticia.com.br\/noticia\/imagens\/a-dona-168x187.jpg 168w, https:\/\/migracao.redenoticia.com.br\/noticia\/imagens\/a-dona.jpg 380w\" sizes=\"auto, (max-width: 270px) 100vw, 270px\" \/>Resumo da novela <strong><em>\u201cA Dona&#8221;<\/em><\/strong> em 19\/04: no cap\u00edtulo 015(*) da novela, sexta-feira, 19 de abril, Rodrigo se mostra incr\u00e9dulo de que Valentina seja a dona da fazenda. Ela diz que pode despedi-lo a qualquer momento, e ainda o adverte que n\u00e3o quer saber de empregados vivendo em sua casa, ou se portando como propriet\u00e1rios do local. Ivana vai ao antigo quarto de Valentina e come\u00e7a a separar determinadas pe\u00e7as de roupas. Benita a surpreende e diz que aquilo tudo pertence unicamente a Valentina e, por isso, ficar\u00e1 guardado at\u00e9 que ela volte. Ivana, furiosa, tenta agredir Benita. Benita a segura e diz que ela realmente se sente odiada por Ivana, mas n\u00e3o tanto quanto Ivana odeia Valentina.<\/p>\n<p>Valentina ordena a Maria da Luz que tire e queime todos os pertences de Rodrigo da casa grande. Rodrigo vai viver com a m\u00e3e de Maria da Luz e diz a jovem que se ela contar algo do que ele tentou com ela, tratar\u00e1 de faz\u00ea-la pagar. Felipe procura Valentina para despedir se, mas Ivana lhe diz que sua prima foi embora para a fazenda \u201cOs Carac\u00f3is\u201d. Felipe, ent\u00e3o, tenta conversar com Ivana. Ela o interrompe e diz que eles nunca foram iguais, mas espera de cora\u00e7\u00e3o que ele encontre uma mulher submissa e idiota que o aceite, pois ele merece. Felipe responde a Ivana que s\u00f3 espera que se esclare\u00e7a o crime de Oscar, bem como o poss\u00edvel envolvimento de Ivana nele.<\/p>\n<p>Felipe ainda diz que pretende dizer o hor\u00e1rio exato que estava com Ivana. Assustada, Ivana diz que nada teve haver com esse caso, e beija Felipe, ele a rejeita e diz que em outras circunstancias aquele beijo o teria feito o homem mais feliz. Valentina sai \u00e0 noite e em meio \u00e0 chuva e chora compulsivamente. Rodrigo comenta com pe\u00f5es da fazenda que tem certeza que uma mulherzinha mimada da capital nunca ser\u00e1 capaz de controlar a fazenda \u201cOs Carac\u00f3is\u201d.<\/p>\n<p>(*) edi\u00e7\u00e3o do SBT, Novela \u201cA Dona\u201d, sujeito a altera\u00e7\u00e3o de data e conte\u00fado.<\/p>\n<p>Destaques<\/p>\n<p>&#8220;A Dona&#8221; &#8211; Valentina Vila\u00e7a (Lucero) \u00e9 uma mulher que tem uma grande fortuna, que seus pais deixaram para ela quando morreram em um acidente de carro. Ela tem uma mans\u00e3o na Cidade do M\u00e9xico, onde vive com sua tia Isabel Rangel de Dorantes (Silvia Pinal), e sua prima Ivana Dorantes Rangel (Gabriela Spanic) que trata Valentina com muita indiferen\u00e7a e sente inveja dela.<\/p>\n<p>Tudo muda para Valentina quando seu noivo Alonso Penalva (David Zepeda), tramando com Ivana no dia de seu casamento, a deixa esperando no altar. A partir da\u00ed, Valentina se torna uma mulher amarga, e vai para sua fazenda, no interior. Chegando l\u00e1, ela conhece seu vizinho Jos\u00e9 Miguel Montesinos (Fernando Colunga).<\/p>\n","protected":false},"excerpt":{"rendered":"<p>Resumo da novela \u201cA Dona&#8221; em 19\/04: no cap\u00edtulo 015(*) da novela, sexta-feira, 19 de abril, Rodrigo se mostra incr\u00e9dulo de que Valentina seja a dona da fazenda. Ela diz que pode despedi-lo a qualquer momento, e ainda o adverte que n\u00e3o quer saber de empregados vivendo em sua casa, ou se portando como propriet\u00e1rios [&hellip;]<\/p>\n","protected":false},"author":2,"featured_media":173626,"comment_status":"open","ping_status":"closed","sticky":false,"template":"","format":"standard","meta":{"tdm_status":"","tdm_grid_status":"","footnotes":""},"categories":[379,372,343],"tags":[441],"class_list":{"0":"post-174853","1":"post","2":"type-post","3":"status-publish","4":"format-standard","5":"has-post-thumbnail","7":"category-novelas","8":"category-sbt","9":"category-televisao","10":"tag-resumo-do-dia"},"_links":{"self":[{"href":"https:\/\/migracao.redenoticia.com.br\/noticia\/wp-json\/wp\/v2\/posts\/174853","targetHints":{"allow":["GET"]}}],"collection":[{"href":"https:\/\/migracao.redenoticia.com.br\/noticia\/wp-json\/wp\/v2\/posts"}],"about":[{"href":"https:\/\/migracao.redenoticia.com.br\/noticia\/wp-json\/wp\/v2\/types\/post"}],"author":[{"embeddable":true,"href":"https:\/\/migracao.redenoticia.com.br\/noticia\/wp-json\/wp\/v2\/users\/2"}],"replies":[{"embeddable":true,"href":"https:\/\/migracao.redenoticia.com.br\/noticia\/wp-json\/wp\/v2\/comments?post=174853"}],"version-history":[{"count":0,"href":"https:\/\/migracao.redenoticia.com.br\/noticia\/wp-json\/wp\/v2\/posts\/174853\/revisions"}],"wp:featuredmedia":[{"embeddable":true,"href":"https:\/\/migracao.redenoticia.com.br\/noticia\/wp-json\/wp\/v2\/media\/173626"}],"wp:attachment":[{"href":"https:\/\/migracao.redenoticia.com.br\/noticia\/wp-json\/wp\/v2\/media?parent=174853"}],"wp:term":[{"taxonomy":"category","embeddable":true,"href":"https:\/\/migracao.redenoticia.com.br\/noticia\/wp-json\/wp\/v2\/categories?post=174853"},{"taxonomy":"post_tag","embeddable":true,"href":"https:\/\/migracao.redenoticia.com.br\/noticia\/wp-json\/wp\/v2\/tags?post=174853"}],"curies":[{"name":"wp","href":"https:\/\/api.w.org\/{rel}","templated":true}]}}