{"id":17489,"date":"2009-11-16T16:14:17","date_gmt":"2009-11-16T20:14:17","guid":{"rendered":"http:\/\/www.redenoticia.com.br\/noticia\/?p=17489"},"modified":"2009-11-17T22:36:48","modified_gmt":"2009-11-18T02:36:48","slug":"audiencia-a-fazenda-estreia-em-primeiro-lugar","status":"publish","type":"post","link":"https:\/\/migracao.redenoticia.com.br\/noticia\/2009\/audiencia-a-fazenda-estreia-em-primeiro-lugar\/17489","title":{"rendered":"Audi\u00eancia &#8211; A Fazenda estr\u00e9ia em primeiro lugar"},"content":{"rendered":"<p><img loading=\"lazy\" decoding=\"async\" class=\"alignleft size-full wp-image-17492\" title=\"a fazenda 2\" src=\"https:\/\/migracao.redenoticia.com.br\/noticia\/imagens\/a-fazenda-2.jpg\" alt=\"a fazenda 2\" width=\"300\" height=\"193\" srcset=\"https:\/\/migracao.redenoticia.com.br\/noticia\/imagens\/a-fazenda-2.jpg 300w, https:\/\/migracao.redenoticia.com.br\/noticia\/imagens\/a-fazenda-2-250x160.jpg 250w, https:\/\/migracao.redenoticia.com.br\/noticia\/imagens\/a-fazenda-2-150x96.jpg 150w\" sizes=\"auto, (max-width: 300px) 100vw, 300px\" \/>A nova edi\u00e7\u00e3o do reality show <strong>A Fazenda<\/strong> garantiu \u00e0 <strong>Record<\/strong> a lideran\u00e7a absoluta na noite de estreia. Um ter\u00e7o dos televisores ligados estava sintonizado na emissora neste domingo, dia 15 de novembro. Na m\u00e9dia geral, A Fazenda registrou 18 pontos, pico de 23 e share de 34%, contra 13 pontos da segunda colocada. Outras duas emissoras empataram em terceiro lugar com 8 pontos. A quinta emissora registrou apenas um ponto no Ibope, no hor\u00e1rio em que foi exibida A Fazenda, das 22h23 \u00e0 0h16.<\/p>\n<p>No confronto com a revista eletr\u00f4nica da emissora segunda colocada na m\u00e9dia geral, na faixa das 22h23 \u00e0s 23h14, A Fazenda manteve a lideran\u00e7a absoluta e abriu uma diferen\u00e7a de quatro pontos. Enquanto o reality show registrou 19 pontos, a concorrente marcou 15 pontos.<\/p>\n<p>Em rela\u00e7\u00e3o \u00e0 terceira colocada na m\u00e9dia geral, que exibia na faixa das 22h23 \u00e0s 23h35 um programa humor\u00edstico, a diferen\u00e7a foi de 9 pontos. Enquanto A Fazenda consolidou 19 pontos, a concorrente ficou com 10 pontos na m\u00e9dia do hor\u00e1rio.<\/p>\n<p>Durante a exibi\u00e7\u00e3o do programa de audit\u00f3rio da outra emissora terceira colocada na m\u00e9dia geral, A Fazenda marcou 18 pontos contra 8 da concorrente, na faixa das 22h23 \u00e0 0h16.<\/p>\n<p>Com este resultado, A Fazenda garantiu a lideran\u00e7a absoluta na estreia da segunda temporada. 14 novos participantes foram apresentados e v\u00e3o conviver juntos por 12 semanas.<\/p>\n<p>A Fazenda ser\u00e1 exibida todos os dias por voltas das 21h com apresenta\u00e7\u00e3o de Britto Jr. e dire\u00e7\u00e3o geral de Rodrigo Carelli.<\/p>\n","protected":false},"excerpt":{"rendered":"<p>A nova edi\u00e7\u00e3o do reality show A Fazenda garantiu \u00e0 Record a lideran\u00e7a absoluta na noite de estreia. Um ter\u00e7o dos televisores ligados estava sintonizado na emissora neste domingo, dia 15 de novembro. Na m\u00e9dia geral, A Fazenda registrou 18 pontos, pico de 23 e share de 34%, contra 13 pontos da segunda colocada. Outras [&hellip;]<\/p>\n","protected":false},"author":3,"featured_media":0,"comment_status":"open","ping_status":"open","sticky":false,"template":"","format":"standard","meta":{"tdm_status":"","tdm_grid_status":"","footnotes":""},"categories":[371,343],"tags":[],"class_list":{"0":"post-17489","1":"post","2":"type-post","3":"status-publish","4":"format-standard","6":"category-rede-record","7":"category-televisao"},"_links":{"self":[{"href":"https:\/\/migracao.redenoticia.com.br\/noticia\/wp-json\/wp\/v2\/posts\/17489","targetHints":{"allow":["GET"]}}],"collection":[{"href":"https:\/\/migracao.redenoticia.com.br\/noticia\/wp-json\/wp\/v2\/posts"}],"about":[{"href":"https:\/\/migracao.redenoticia.com.br\/noticia\/wp-json\/wp\/v2\/types\/post"}],"author":[{"embeddable":true,"href":"https:\/\/migracao.redenoticia.com.br\/noticia\/wp-json\/wp\/v2\/users\/3"}],"replies":[{"embeddable":true,"href":"https:\/\/migracao.redenoticia.com.br\/noticia\/wp-json\/wp\/v2\/comments?post=17489"}],"version-history":[{"count":0,"href":"https:\/\/migracao.redenoticia.com.br\/noticia\/wp-json\/wp\/v2\/posts\/17489\/revisions"}],"wp:attachment":[{"href":"https:\/\/migracao.redenoticia.com.br\/noticia\/wp-json\/wp\/v2\/media?parent=17489"}],"wp:term":[{"taxonomy":"category","embeddable":true,"href":"https:\/\/migracao.redenoticia.com.br\/noticia\/wp-json\/wp\/v2\/categories?post=17489"},{"taxonomy":"post_tag","embeddable":true,"href":"https:\/\/migracao.redenoticia.com.br\/noticia\/wp-json\/wp\/v2\/tags?post=17489"}],"curies":[{"name":"wp","href":"https:\/\/api.w.org\/{rel}","templated":true}]}}