{"id":174935,"date":"2019-04-19T18:33:54","date_gmt":"2019-04-19T21:33:54","guid":{"rendered":"https:\/\/www.redenoticia.com.br\/noticia\/?p=174935"},"modified":"2019-04-19T18:34:00","modified_gmt":"2019-04-19T21:34:00","slug":"resumo-novela-cumplices-de-um-resgate-22-04-isabela-nao-consegue-falar-com-raul","status":"publish","type":"post","link":"https:\/\/migracao.redenoticia.com.br\/noticia\/2019\/resumo-novela-cumplices-de-um-resgate-22-04-isabela-nao-consegue-falar-com-raul\/174935","title":{"rendered":"Resumo novela \u201cC\u00famplices de um Resgate\u201d 22\/04: Isabela n\u00e3o consegue falar com  Raul"},"content":{"rendered":"<p><img loading=\"lazy\" decoding=\"async\" class=\"aligncenter size-large wp-image-164526\" src=\"https:\/\/migracao.redenoticia.com.br\/noticia\/imagens\/cumplices-de-um-resgate-001-316x300.jpg\" alt=\"\" width=\"316\" height=\"300\" srcset=\"https:\/\/migracao.redenoticia.com.br\/noticia\/imagens\/cumplices-de-um-resgate-001-316x300.jpg 316w, https:\/\/migracao.redenoticia.com.br\/noticia\/imagens\/cumplices-de-um-resgate-001-197x187.jpg 197w, https:\/\/migracao.redenoticia.com.br\/noticia\/imagens\/cumplices-de-um-resgate-001-150x143.jpg 150w, https:\/\/migracao.redenoticia.com.br\/noticia\/imagens\/cumplices-de-um-resgate-001.jpg 526w\" sizes=\"auto, (max-width: 316px) 100vw, 316px\" \/> Resumo novela \u201cC\u00famplices de um Resgate\u201d 22\/04 : no cap\u00edtulo 076(*) da novela, segunda-feira, 22 de abril, Safira e Tom\u00e1s est\u00e3o seguindo com o acordo deles. Os dois sumiram com arquivos importantes da cole\u00e7\u00e3o da empresa para que Tom\u00e1s consiga aparecer com eles e, assim, Ot\u00e1vio pense que ele \u00e9 competente. Regina manda Marina melhorar sua cara para enganar Raul. Joaquim decide ir at\u00e9 a mans\u00e3o de Isabela para investigar o que est\u00e1 acontecendo.Marina sugere que Raul saia com Isabela, que na verdade \u00e9 Manuela, e que ela v\u00e1 junto. Regina diz que prefere que Marina descanse e que o seguran\u00e7a v\u00e1 com eles. Rebeca recebe a informa\u00e7\u00e3o de que h\u00e1 uma menina desaparecida numa cidade pr\u00f3xima do vilarejo. Isabela foge do por\u00e3o, mas n\u00e3o a tempo de alcan\u00e7ar Raul na sala. Regina leva a garota de volta para o por\u00e3o.<\/p>\n<p>Joaquim aparece na lanchonete que Manuela est\u00e1 com Raul e consegue conversar com ela a s\u00f3s. A garota confirma que \u00e9 irm\u00e3 g\u00eamea de Isabela e revela o perigo que est\u00e1 sofrendo. Num vilarejo vizinho, Regina v\u00ea a garota que pensa ser Manuela, mas quando chega perto descobre que n\u00e3o \u00e9. A menina se diz chamar Fabiana (Mharessa Fernanda). Rebeca lembra do rosto da menina e aconselha ela a voltar para casa.Rebeca, ao lado de Pedro, levam a garota que conheceram at\u00e9 a cidade, na escadaria da S\u00e9, onde ela reencontra a m\u00e3e, que estava junto com o grupo \u201cM\u00e3es da S\u00e9\u201d. Ot\u00e1vio vai atr\u00e1s de Rebeca no vilarejo e recebe a not\u00edcia de que ela foi at\u00e9 a cidade.<\/p>\n<p>Isabela descobre uma passagem secreta escondida no arm\u00e1rio do por\u00e3o. Rebeca chega em casa com Pedro e Ot\u00e1vio fica enciumado. Rebeca diz para o namorado que n\u00e3o consegue administrar mais esse problema em sua vida, pois agora s\u00f3 pensa no desaparecimento de Manuela e, por isso, acha melhor eles se afastarem e ele ir embora. Dinho chega da faculdade, v\u00ea o manequim no lixo do condom\u00ednio e acha que \u00e9 o corpo de Flora. Meire vai at\u00e9 o lixo, mas os lixeiros levaram os sacos. A s\u00edndica garante que precisaram encontrar uma outra maneira de desmascarar as crian\u00e7as e mostrar que elas s\u00e3o assassinas.<\/p>\n<p>(*) edi\u00e7\u00e3o do SBT, Novela \u201cC\u00famplices de um Resgate\u201d, sujeito a altera\u00e7\u00e3o de data e conte\u00fado.<\/p>\n","protected":false},"excerpt":{"rendered":"<p>Resumo novela \u201cC\u00famplices de um Resgate\u201d 22\/04 : no cap\u00edtulo 076(*) da novela, segunda-feira, 22 de abril, Safira e Tom\u00e1s est\u00e3o seguindo com o acordo deles. Os dois sumiram com arquivos importantes da cole\u00e7\u00e3o da empresa para que Tom\u00e1s consiga aparecer com eles e, assim, Ot\u00e1vio pense que ele \u00e9 competente. Regina manda Marina melhorar [&hellip;]<\/p>\n","protected":false},"author":2,"featured_media":164525,"comment_status":"open","ping_status":"closed","sticky":false,"template":"","format":"standard","meta":{"tdm_status":"","tdm_grid_status":"","footnotes":""},"categories":[379,372,343],"tags":[441],"class_list":{"0":"post-174935","1":"post","2":"type-post","3":"status-publish","4":"format-standard","5":"has-post-thumbnail","7":"category-novelas","8":"category-sbt","9":"category-televisao","10":"tag-resumo-do-dia"},"_links":{"self":[{"href":"https:\/\/migracao.redenoticia.com.br\/noticia\/wp-json\/wp\/v2\/posts\/174935","targetHints":{"allow":["GET"]}}],"collection":[{"href":"https:\/\/migracao.redenoticia.com.br\/noticia\/wp-json\/wp\/v2\/posts"}],"about":[{"href":"https:\/\/migracao.redenoticia.com.br\/noticia\/wp-json\/wp\/v2\/types\/post"}],"author":[{"embeddable":true,"href":"https:\/\/migracao.redenoticia.com.br\/noticia\/wp-json\/wp\/v2\/users\/2"}],"replies":[{"embeddable":true,"href":"https:\/\/migracao.redenoticia.com.br\/noticia\/wp-json\/wp\/v2\/comments?post=174935"}],"version-history":[{"count":0,"href":"https:\/\/migracao.redenoticia.com.br\/noticia\/wp-json\/wp\/v2\/posts\/174935\/revisions"}],"wp:featuredmedia":[{"embeddable":true,"href":"https:\/\/migracao.redenoticia.com.br\/noticia\/wp-json\/wp\/v2\/media\/164525"}],"wp:attachment":[{"href":"https:\/\/migracao.redenoticia.com.br\/noticia\/wp-json\/wp\/v2\/media?parent=174935"}],"wp:term":[{"taxonomy":"category","embeddable":true,"href":"https:\/\/migracao.redenoticia.com.br\/noticia\/wp-json\/wp\/v2\/categories?post=174935"},{"taxonomy":"post_tag","embeddable":true,"href":"https:\/\/migracao.redenoticia.com.br\/noticia\/wp-json\/wp\/v2\/tags?post=174935"}],"curies":[{"name":"wp","href":"https:\/\/api.w.org\/{rel}","templated":true}]}}