{"id":17495,"date":"2009-11-16T16:08:01","date_gmt":"2009-11-16T20:08:01","guid":{"rendered":"http:\/\/www.redenoticia.com.br\/noticia\/?p=17495"},"modified":"2009-11-17T22:36:53","modified_gmt":"2009-11-18T02:36:53","slug":"a-fazenda-andressa-oliveira-e-a-fazendeira-da-semana","status":"publish","type":"post","link":"https:\/\/migracao.redenoticia.com.br\/noticia\/2009\/a-fazenda-andressa-oliveira-e-a-fazendeira-da-semana\/17495","title":{"rendered":"A Fazenda &#8211; Andressa Oliveira \u00e9 a fazendeira da semana"},"content":{"rendered":"<p>O vencedor da promo\u00e7\u00e3o do <strong>R7<\/strong>, &#8220;Por que voc\u00ea merece conhecer <strong>A Fazenda<\/strong>&#8220;, Magno Correia de Souza, ajudou na realiza\u00e7\u00e3o da prova que escolheu a modelo Andressa Oliveira como a primeira Fazendeira da Semana.\u00a0Os pe\u00f5es foram suspensos em 14 cadeiras presas a uma trama de 14 cordas. Neste jogo, as cordas foram rompidas com a ajuda de um alicate sem que o respons\u00e1vel pelo corte soubesse quem seria derrubado. Isso aconteceu sucessivamente at\u00e9 que restou apenas um participante suspenso, Andressa, por isso escolhida como a Fazendeiro da Semana.<\/p>\n<p>Magno teve que cortar a primeira corda, sem saber quem seria derrubado. E o escolhido foi Igor Cotrim.<\/p>\n<p>Em seguida, Igor cortou a corda ligada a Andr\u00e9 Segatti.<\/p>\n<p>Andr\u00e9 cortou a corda de Adriana Bombom.<\/p>\n<p>Adriana Bombom cortou a corda de Mateus Rocha.<\/p>\n<p>Mateus Rocha cortou a corda de Maria Jo\u00e3o Abujamra.<\/p>\n<p>Maria Jo\u00e3o Abujamra cortou a corda de Karina Bacchi.<\/p>\n<p>Karina Bacchi cortou a corda de Mc Leozinho.<\/p>\n<p>Mc Leozinho cortou a corda de Fernando Scherer.<\/p>\n<p>Fernando Scherer cortou a corda de Sheila Mello.<\/p>\n<p>Sheila Mello cortou a corda de Maur\u00edcio Manieri.<\/p>\n<p>Maur\u00edcio Manieri cortou a corda de Ana Paula Oliveira.<\/p>\n<p>Ana Paula cortou a corda de Cacau Melo.<\/p>\n<p>Cacau Melo cortou a corda de Caco Ricci.<\/p>\n<p>Assim, s\u00f3 restou suspensa pelas cordas Andressa Oliveira, que foi definida como Fazendeira da Semana. Al\u00e9m da imunidade, ela j\u00e1 teve que distribuir as oito tarefas di\u00e1rias que devem ser executadas durante a semana. Confira quem ficou respons\u00e1vel pelas obriga\u00e7\u00f5es di\u00e1rias.<\/p>\n<p>1-\u00a0\u00a0\u00a0 Cuidar das vacas: Mc Leozinho<\/p>\n<p>2- Cuidar dos cavalos: Adriana Bombom<\/p>\n<p>3- Cuidar das ovelhas: Fernando Scherer<\/p>\n<p>4- Cuidar dos porcos: Ana Paula Oliveira<\/p>\n<p>5- Cuidar das aves (galinha, pato, marreco, ganso e peru): Sheila Mello<\/p>\n<p>6- Cuidar dos coelhos: Karina Bacchi<\/p>\n<p>7- Cuidar dos avestruzes: Maur\u00edcio Manieri<\/p>\n<p>8- Cuidar da horta e das plantas: Cacau Melo<\/p>\n<p>Britto Jr. anunciou mais uma novidade do programa: a Fazendeira da Semana escolhe um pe\u00e3o que poder\u00e1 tirar um dia de folga. Neste dia, ele poder\u00e1 passar para outra pessoa sua tarefa. Andressa escolheu Ana Paula. E a ex-bandeirinha escolheu Caco Ricci para substitu\u00ed-la.<\/p>\n","protected":false},"excerpt":{"rendered":"<p>O vencedor da promo\u00e7\u00e3o do R7, &#8220;Por que voc\u00ea merece conhecer A Fazenda&#8220;, Magno Correia de Souza, ajudou na realiza\u00e7\u00e3o da prova que escolheu a modelo Andressa Oliveira como a primeira Fazendeira da Semana.\u00a0Os pe\u00f5es foram suspensos em 14 cadeiras presas a uma trama de 14 cordas. Neste jogo, as cordas foram rompidas com a [&hellip;]<\/p>\n","protected":false},"author":3,"featured_media":0,"comment_status":"open","ping_status":"open","sticky":false,"template":"","format":"standard","meta":{"tdm_status":"","tdm_grid_status":"","footnotes":""},"categories":[371,343],"tags":[],"class_list":{"0":"post-17495","1":"post","2":"type-post","3":"status-publish","4":"format-standard","6":"category-rede-record","7":"category-televisao"},"_links":{"self":[{"href":"https:\/\/migracao.redenoticia.com.br\/noticia\/wp-json\/wp\/v2\/posts\/17495","targetHints":{"allow":["GET"]}}],"collection":[{"href":"https:\/\/migracao.redenoticia.com.br\/noticia\/wp-json\/wp\/v2\/posts"}],"about":[{"href":"https:\/\/migracao.redenoticia.com.br\/noticia\/wp-json\/wp\/v2\/types\/post"}],"author":[{"embeddable":true,"href":"https:\/\/migracao.redenoticia.com.br\/noticia\/wp-json\/wp\/v2\/users\/3"}],"replies":[{"embeddable":true,"href":"https:\/\/migracao.redenoticia.com.br\/noticia\/wp-json\/wp\/v2\/comments?post=17495"}],"version-history":[{"count":0,"href":"https:\/\/migracao.redenoticia.com.br\/noticia\/wp-json\/wp\/v2\/posts\/17495\/revisions"}],"wp:attachment":[{"href":"https:\/\/migracao.redenoticia.com.br\/noticia\/wp-json\/wp\/v2\/media?parent=17495"}],"wp:term":[{"taxonomy":"category","embeddable":true,"href":"https:\/\/migracao.redenoticia.com.br\/noticia\/wp-json\/wp\/v2\/categories?post=17495"},{"taxonomy":"post_tag","embeddable":true,"href":"https:\/\/migracao.redenoticia.com.br\/noticia\/wp-json\/wp\/v2\/tags?post=17495"}],"curies":[{"name":"wp","href":"https:\/\/api.w.org\/{rel}","templated":true}]}}