{"id":174960,"date":"2019-04-25T22:00:28","date_gmt":"2019-04-26T01:00:28","guid":{"rendered":"https:\/\/www.redenoticia.com.br\/noticia\/?p=174960"},"modified":"2019-04-25T22:19:22","modified_gmt":"2019-04-26T01:19:22","slug":"novela-o-setimo-guardiao-laura-planeja-ficar-com-sampaio-e-louise","status":"publish","type":"post","link":"https:\/\/migracao.redenoticia.com.br\/noticia\/2019\/novela-o-setimo-guardiao-laura-planeja-ficar-com-sampaio-e-louise\/174960","title":{"rendered":"Novela \u201cO S\u00e9timo Guardi\u00e3o\u201d: Laura planeja ficar com Sampaio e Louise"},"content":{"rendered":"<p><strong><em><img loading=\"lazy\" decoding=\"async\" class=\"aligncenter size-large wp-image-154957\" src=\"https:\/\/migracao.redenoticia.com.br\/noticia\/imagens\/o-setimo-guardiao-114-302x300.jpg\" alt=\"\" width=\"302\" height=\"300\" srcset=\"https:\/\/migracao.redenoticia.com.br\/noticia\/imagens\/o-setimo-guardiao-114-302x300.jpg 302w, https:\/\/migracao.redenoticia.com.br\/noticia\/imagens\/o-setimo-guardiao-114-188x187.jpg 188w, https:\/\/migracao.redenoticia.com.br\/noticia\/imagens\/o-setimo-guardiao-114-150x150.jpg 150w, https:\/\/migracao.redenoticia.com.br\/noticia\/imagens\/o-setimo-guardiao-114-634x630.jpg 634w, https:\/\/migracao.redenoticia.com.br\/noticia\/imagens\/o-setimo-guardiao-114.jpg 658w\" sizes=\"auto, (max-width: 302px) 100vw, 302px\" \/><\/em><\/strong><\/p>\n<p><strong><em>Novela &#8220;O S\u00e9timo Guardi\u00e3o\u201d:<\/em><\/strong> Louise Marie (Fernanda de Freitas) trai Valentina (Lilia Cabral) e conta para Laura (Yanna Lavigne) que a madame est\u00e1 tramando contra Olavo (Tony Ramos). Sampaio (Marcello Novaes) flagra Valentina invadindo a casa, leva um tiro de rasp\u00e3o e a prende na delegacia por invas\u00e3o de domic\u00edlio e tentativa de homic\u00eddio. Logo depois, Laura conta para o pai que passa as noites no quarto de Sampaio e ele a adverte: &#8220;Diversa?o, ok, tudo bem. Mas na?o se atreva a passar disso. Filha minha na?o tem relac?a?o se?ria com capanga. Voce? pode estar pensando em mil coisas quando fica com um subalterno, mas eles sempre pensam numa coisa so?: em resolver a vida deles.<\/p>\n<p>Laura entra no quarto de Sampaio para contar a novidade, encontra Louise e fica feliz. Laura se junta aos dois e diz que o pai est\u00e1 totalmente focado nos neg\u00f3cios. Louise faz uma sugest\u00e3o: &#8220;Quando a gente sair dessa cidade dos infernos, voce? me leva pra sua casa como sua secreta?ria. Sampaio se torna meu namorado oficial, assim pode frequentar la?&#8230; E todo mundo fica feliz&#8221;. Laura responde que a ideia \u00e9 \u00f3tima. Cena prevista para o dia 6 de maio na novela \u201cO S\u00e9timo Guardi\u00e3o\u201d.<\/p>\n<p>Sinopse \u201cO S\u00e9timo Guardi\u00e3o\u201d: \u00c0 primeira vista, Serro Azul pode parecer apenas mais uma t\u00edpica cidade do interior, pacata e cercada por montanhas, onde avan\u00e7os tecnol\u00f3gicos como internet e telefonia celular ainda n\u00e3o chegaram. Um lugar pelo qual quem passa n\u00e3o d\u00e1 muita aten\u00e7\u00e3o, sem saber o que est\u00e1 perdendo, afinal, uma cidade que \u00e9 vizinha de Greenville e Tubiancanga n\u00e3o poderia deixar de ter suas peculiaridades.<\/p>\n<p>A principal delas \u00e9 uma fonte com propriedades curativas e rejuvenescedoras, que \u00e9 a parte mais externa de um gigantesco aqu\u00edfero, uma enorme reserva daquilo que a cada dia se torna o bem mais precioso da Terra: a \u00e1gua. Essa fonte \u00e9 protegida por sete guardi\u00e3es que t\u00eam como miss\u00e3o garantir que essa riqueza n\u00e3o chegue \u00e0s m\u00e3os erradas.<\/p>\n","protected":false},"excerpt":{"rendered":"<p>Novela &#8220;O S\u00e9timo Guardi\u00e3o\u201d: Louise Marie (Fernanda de Freitas) trai Valentina (Lilia Cabral) e conta para Laura (Yanna Lavigne) que a madame est\u00e1 tramando contra Olavo (Tony Ramos). Sampaio (Marcello Novaes) flagra Valentina invadindo a casa, leva um tiro de rasp\u00e3o e a prende na delegacia por invas\u00e3o de domic\u00edlio e tentativa de homic\u00eddio. Logo [&hellip;]<\/p>\n","protected":false},"author":2,"featured_media":159065,"comment_status":"open","ping_status":"closed","sticky":false,"template":"","format":"standard","meta":{"tdm_status":"","tdm_grid_status":"","footnotes":""},"categories":[379,530,375,343],"tags":[440],"class_list":{"0":"post-174960","1":"post","2":"type-post","3":"status-publish","4":"format-standard","5":"has-post-thumbnail","7":"category-novelas","8":"category-o-setimo-guardiao","9":"category-rede-globo","10":"category-televisao","11":"tag-noticia-novela"},"_links":{"self":[{"href":"https:\/\/migracao.redenoticia.com.br\/noticia\/wp-json\/wp\/v2\/posts\/174960","targetHints":{"allow":["GET"]}}],"collection":[{"href":"https:\/\/migracao.redenoticia.com.br\/noticia\/wp-json\/wp\/v2\/posts"}],"about":[{"href":"https:\/\/migracao.redenoticia.com.br\/noticia\/wp-json\/wp\/v2\/types\/post"}],"author":[{"embeddable":true,"href":"https:\/\/migracao.redenoticia.com.br\/noticia\/wp-json\/wp\/v2\/users\/2"}],"replies":[{"embeddable":true,"href":"https:\/\/migracao.redenoticia.com.br\/noticia\/wp-json\/wp\/v2\/comments?post=174960"}],"version-history":[{"count":0,"href":"https:\/\/migracao.redenoticia.com.br\/noticia\/wp-json\/wp\/v2\/posts\/174960\/revisions"}],"wp:featuredmedia":[{"embeddable":true,"href":"https:\/\/migracao.redenoticia.com.br\/noticia\/wp-json\/wp\/v2\/media\/159065"}],"wp:attachment":[{"href":"https:\/\/migracao.redenoticia.com.br\/noticia\/wp-json\/wp\/v2\/media?parent=174960"}],"wp:term":[{"taxonomy":"category","embeddable":true,"href":"https:\/\/migracao.redenoticia.com.br\/noticia\/wp-json\/wp\/v2\/categories?post=174960"},{"taxonomy":"post_tag","embeddable":true,"href":"https:\/\/migracao.redenoticia.com.br\/noticia\/wp-json\/wp\/v2\/tags?post=174960"}],"curies":[{"name":"wp","href":"https:\/\/api.w.org\/{rel}","templated":true}]}}