{"id":175023,"date":"2019-04-22T16:19:44","date_gmt":"2019-04-22T19:19:44","guid":{"rendered":"https:\/\/www.redenoticia.com.br\/noticia\/?p=175023"},"modified":"2019-05-09T19:09:54","modified_gmt":"2019-05-09T22:09:54","slug":"resumo-novela-cordel-encantado-23-04-timoteo-e-acucena-se-casam","status":"publish","type":"post","link":"https:\/\/migracao.redenoticia.com.br\/noticia\/2019\/resumo-novela-cordel-encantado-23-04-timoteo-e-acucena-se-casam\/175023","title":{"rendered":"Resumo novela \u201cCordel Encantado\u201d 23\/04: Tim\u00f3teo e A\u00e7ucena se casam"},"content":{"rendered":"<p><img loading=\"lazy\" decoding=\"async\" class=\"aligncenter size-large wp-image-165214\" src=\"https:\/\/migracao.redenoticia.com.br\/noticia\/imagens\/cordel-004-319x300.jpg\" alt=\"\" width=\"319\" height=\"300\" srcset=\"https:\/\/migracao.redenoticia.com.br\/noticia\/imagens\/cordel-004-319x300.jpg 319w, https:\/\/migracao.redenoticia.com.br\/noticia\/imagens\/cordel-004-199x187.jpg 199w, https:\/\/migracao.redenoticia.com.br\/noticia\/imagens\/cordel-004-150x141.jpg 150w, https:\/\/migracao.redenoticia.com.br\/noticia\/imagens\/cordel-004.jpg 669w, https:\/\/migracao.redenoticia.com.br\/noticia\/imagens\/cordel-004-560x527.jpg 560w\" sizes=\"auto, (max-width: 319px) 100vw, 319px\" \/><strong><em>Resumo novela \u201cCordel Encantado\u201d 23\/04 <\/em><\/strong>: no cap\u00edtulo 070(*) da novela, resumo de ter\u00e7a-feira, 23 de abril, Tim\u00f3teo expulsa Padre Joaquim da igreja e Pen\u00e9lope diz que conhece outro p\u00e1roco para consumar a uni\u00e3o. Tim\u00f3teo desconfia do padre que celebrar\u00e1 seu casamento. Herculano, Bel e Benvinda se disfar\u00e7am de monges para salvar Jesu\u00edno. T\u00e9inha se preocupa com a rea\u00e7\u00e3o de Rosa ao ver Florinda se despedindo de Petrus. Bartira fica sensibilizada com os apelos de Farid. T\u00e9inha repreende Rosa pela forma como tratou Florinda. Silv\u00e9rio, disfar\u00e7ado de padre, finaliza o casamento e Tim\u00f3teo manda o povo se reunir em frente \u00e0 forca. A\u00e7ucena implora pela vida de Jesu\u00edno, mas Tim\u00f3teo ordena que seus carrascos continuem com o plano.<\/p>\n<p>Todos na cidade ficam abalados com a morte de Jesu\u00edno. Tim\u00f3teo fica aliviado quando \u00darsula fala que A\u00e7ucena vai se apaixonar por ele depois que tomar sua po\u00e7\u00e3o. Jesu\u00edno chega ao acampamento dos cangaceiros e C\u00e2ndida o abra\u00e7a aliviada. C\u00edcero, Dora e Felipe entram disfar\u00e7ados na fazenda de Tim\u00f3teo. Lilica descobre que foi Silv\u00e9rio quem celebrou o casamento de Tim\u00f3teo e exige o papel principal no filme de Tom\u00e1s para n\u00e3o contar sua descoberta ao vil\u00e3o.<\/p>\n<p>Tim\u00f3teo fica irritado ao saber que foi enganado. Z\u00f3io-Furado v\u00ea Dora e Felipe abrindo a porteira da fazenda para os cangaceiros. O coronel exige que ningu\u00e9m conte a A\u00e7ucena que o filho do cangaceiro est\u00e1 vivo. Z\u00f3io-Furado intercepta Dora e Felipe, mas deixa os dois escaparem. Jesu\u00edno fica preocupado ao saber que a amada continua na fazenda. Tim\u00f3teo se arruma para sua noite de n\u00fapcias. \u00darsula entrega sua po\u00e7\u00e3o para A\u00e7ucena.<\/p>\n<p>(*) edi\u00e7\u00e3o da Rede Globo, Novela \u201cCordel Encantado\u201d, sujeito a altera\u00e7\u00e3o de data e conte\u00fado.<\/p>\n<p>Sinopse \u201cCordel Encantado\u201d: Vendo o marido muito ferido, depois de mais uma terr\u00edvel batalha, a rainha Helena (Mariana Lima) vai ao castelo inimigo amaldi\u00e7oar toda a fam\u00edlia do rei Augusto. Faz isso gr\u00e1vida de In\u00e1cio (Maur\u00edcio Destri) e acompanhada de seu filho mais velho, Felipe (Jayme Matarazzo). O monarca se comove com a dor de Helena e, por sugest\u00e3o de Cristina, prop\u00f5e um acordo a Teobaldo, ferido mortalmente: seus primog\u00eanitos Aurora e Felipe devem se casar quando atingirem a maior idade, unificando e trazendo paz aos dois estados. Teobaldo aceita o acordo e morre logo depois. As duas crian\u00e7as s\u00e3o apresentadas publicamente como os futuros reis de Ser\u00e1fia.<\/p>\n<p>Seguindo a interpreta\u00e7\u00e3o on\u00edrica feita por Amadeus, uma longa viagem come\u00e7a a ser planejada. Zen\u00f3bio Alfredo (Guilherme Fontes), bot\u00e2nico de Ser\u00e1fia do Norte, que estava no Brasil envolvido com pesquisas cient\u00edficas, traz ao rei not\u00edcias de um tesouro, escondido em terras tropicais pelo fundador do reino, Dom Serafim. O bot\u00e2nico sugere que o rei financie uma expedi\u00e7\u00e3o a Brogod\u00f3, e Augusto, amante das ci\u00eancias e das aventuras, n\u00e3o s\u00f3 concorda com a ideia como faz quest\u00e3o de liderar a empreitada. O rei s\u00f3 n\u00e3o contava que sua esposa, a rainha Cristina, resolveria acompanh\u00e1-lo, levando consigo a pequena Aurora.<\/p>\n","protected":false},"excerpt":{"rendered":"<p>Resumo novela \u201cCordel Encantado\u201d 23\/04 : no cap\u00edtulo 070(*) da novela, resumo de ter\u00e7a-feira, 23 de abril, Tim\u00f3teo expulsa Padre Joaquim da igreja e Pen\u00e9lope diz que conhece outro p\u00e1roco para consumar a uni\u00e3o. Tim\u00f3teo desconfia do padre que celebrar\u00e1 seu casamento. Herculano, Bel e Benvinda se disfar\u00e7am de monges para salvar Jesu\u00edno. T\u00e9inha se [&hellip;]<\/p>\n","protected":false},"author":4,"featured_media":165215,"comment_status":"open","ping_status":"closed","sticky":false,"template":"","format":"standard","meta":{"tdm_status":"","tdm_grid_status":"","footnotes":""},"categories":[535,379,375,343],"tags":[441],"class_list":{"0":"post-175023","1":"post","2":"type-post","3":"status-publish","4":"format-standard","5":"has-post-thumbnail","7":"category-cordel-encantado","8":"category-novelas","9":"category-rede-globo","10":"category-televisao","11":"tag-resumo-do-dia"},"_links":{"self":[{"href":"https:\/\/migracao.redenoticia.com.br\/noticia\/wp-json\/wp\/v2\/posts\/175023","targetHints":{"allow":["GET"]}}],"collection":[{"href":"https:\/\/migracao.redenoticia.com.br\/noticia\/wp-json\/wp\/v2\/posts"}],"about":[{"href":"https:\/\/migracao.redenoticia.com.br\/noticia\/wp-json\/wp\/v2\/types\/post"}],"author":[{"embeddable":true,"href":"https:\/\/migracao.redenoticia.com.br\/noticia\/wp-json\/wp\/v2\/users\/4"}],"replies":[{"embeddable":true,"href":"https:\/\/migracao.redenoticia.com.br\/noticia\/wp-json\/wp\/v2\/comments?post=175023"}],"version-history":[{"count":0,"href":"https:\/\/migracao.redenoticia.com.br\/noticia\/wp-json\/wp\/v2\/posts\/175023\/revisions"}],"wp:featuredmedia":[{"embeddable":true,"href":"https:\/\/migracao.redenoticia.com.br\/noticia\/wp-json\/wp\/v2\/media\/165215"}],"wp:attachment":[{"href":"https:\/\/migracao.redenoticia.com.br\/noticia\/wp-json\/wp\/v2\/media?parent=175023"}],"wp:term":[{"taxonomy":"category","embeddable":true,"href":"https:\/\/migracao.redenoticia.com.br\/noticia\/wp-json\/wp\/v2\/categories?post=175023"},{"taxonomy":"post_tag","embeddable":true,"href":"https:\/\/migracao.redenoticia.com.br\/noticia\/wp-json\/wp\/v2\/tags?post=175023"}],"curies":[{"name":"wp","href":"https:\/\/api.w.org\/{rel}","templated":true}]}}