{"id":175187,"date":"2019-05-04T22:00:27","date_gmt":"2019-05-05T01:00:27","guid":{"rendered":"https:\/\/www.redenoticia.com.br\/noticia\/?p=175187"},"modified":"2019-05-04T22:05:22","modified_gmt":"2019-05-05T01:05:22","slug":"novela-verao-90-joao-e-janaina-salvam-a-vida-de-jeronimo","status":"publish","type":"post","link":"https:\/\/migracao.redenoticia.com.br\/noticia\/2019\/novela-verao-90-joao-e-janaina-salvam-a-vida-de-jeronimo\/175187","title":{"rendered":"Novela \u201cVer\u00e3o 90\u201d: Jo\u00e3o salva a vida de\u00a0Jer\u00f4nimo"},"content":{"rendered":"<p><strong><em><img loading=\"lazy\" decoding=\"async\" class=\"aligncenter size-large wp-image-167198\" src=\"https:\/\/migracao.redenoticia.com.br\/noticia\/imagens\/verao-90-resumo-globo-capitulos-394x300.jpg\" alt=\"\" width=\"394\" height=\"300\" srcset=\"https:\/\/migracao.redenoticia.com.br\/noticia\/imagens\/verao-90-resumo-globo-capitulos-394x300.jpg 394w, https:\/\/migracao.redenoticia.com.br\/noticia\/imagens\/verao-90-resumo-globo-capitulos-246x187.jpg 246w, https:\/\/migracao.redenoticia.com.br\/noticia\/imagens\/verao-90-resumo-globo-capitulos-560x426.jpg 560w, https:\/\/migracao.redenoticia.com.br\/noticia\/imagens\/verao-90-resumo-globo-capitulos.jpg 661w\" sizes=\"auto, (max-width: 394px) 100vw, 394px\" \/><\/em><\/strong><\/p>\n<p><strong><em>Novela \u201cVer\u00e3o 90\u201d:<\/em><\/strong> Jer\u00f4nimo (Jesu\u00edta Barbosa) descobre que Galdino (Gabriel Godoy) roubou o dinheiro desviado da PopTV e tenta ganhar tudo de volta no jogo de p\u00f4quer. O vil\u00e3o perde e contrai uma grande d\u00edvida. Jer\u00f4nimo&nbsp;encontra os cobradores e tenta ganhar tempo: &#8220;Cara, eu j\u00e1 falei que j\u00e1 t\u00f4 com a grana. Vou precisar de mais dois dias! Pode confiar, eu n\u00e3o sou um cara qualquer&#8221;. Um bandido avisa: &#8220;Que tu n\u00e3o \u00e9 um cara qualquer eu t\u00f4 careca de saber! Tu \u00e9 um man\u00e9 que t\u00e1 pensando que me enrola! Dois dias? Vamos ver se depois dessa nossa conversinha, c\u00ea n\u00e3o consegue adiantar esse pagamento pra amanh\u00e3&#8230;&#8221;.<\/p>\n<p>Jo\u00e3o (Rafael Vitti) e Jana\u00edna (Dira Paes) reconhecem Jer\u00f4nimo e ele \u00e9 agredido pelo bandido. Jo\u00e3o entra na briga e defende o irm\u00e3o. Os criminosos v\u00e3o embora, Jana\u00edna e Jo\u00e3o levam o vil\u00e3o para o restaurante e cuidam dos ferimentos. Janaina adianta: &#8220;Prefiro que voc\u00ea n\u00e3o conte nada, Jer\u00f4nimo&#8230; S\u00f3 t\u00f4 te ajudando porque eu ajudaria qualquer pessoa nessa situa\u00e7\u00e3o. Mesmo que fosse um estranho&#8221;. Jer\u00f4nimo gosta de receber cuidados da m\u00e3e. Cena prevista para dia 4 de maio na novela \u201cVer\u00e3o 90\u201d.<\/p>\n<p>Sinopse \u201cVer\u00e3o 90\u201d: O Rio de Janeiro da d\u00e9cada de 1990, a cultura efervescente da \u00e9poca, os acontecimentos sociais e pol\u00edticos, a m\u00fasica e a moda est\u00e3o presentes em \u2018Ver\u00e3o 90\u2019, uma com\u00e9dia rom\u00e2ntica, solar e musical, escrita por Izabel de Oliveira e Paula Amaral, com dire\u00e7\u00e3o art\u00edstica de Jorge Fernando.<\/p>\n","protected":false},"excerpt":{"rendered":"<p>Novela \u201cVer\u00e3o 90\u201d: Jer\u00f4nimo (Jesu\u00edta Barbosa) descobre que Galdino (Gabriel Godoy) roubou o dinheiro desviado da PopTV e tenta ganhar tudo de volta no jogo de p\u00f4quer. O vil\u00e3o perde e contrai uma grande d\u00edvida. Jer\u00f4nimo&nbsp;encontra os cobradores e tenta ganhar tempo: &#8220;Cara, eu j\u00e1 falei que j\u00e1 t\u00f4 com a grana. Vou precisar de [&hellip;]<\/p>\n","protected":false},"author":2,"featured_media":168048,"comment_status":"open","ping_status":"closed","sticky":false,"template":"","format":"standard","meta":{"tdm_status":"","tdm_grid_status":"","footnotes":""},"categories":[379,375,343,536],"tags":[440],"class_list":{"0":"post-175187","1":"post","2":"type-post","3":"status-publish","4":"format-standard","5":"has-post-thumbnail","7":"category-novelas","8":"category-rede-globo","9":"category-televisao","10":"category-verao-90","11":"tag-noticia-novela"},"_links":{"self":[{"href":"https:\/\/migracao.redenoticia.com.br\/noticia\/wp-json\/wp\/v2\/posts\/175187","targetHints":{"allow":["GET"]}}],"collection":[{"href":"https:\/\/migracao.redenoticia.com.br\/noticia\/wp-json\/wp\/v2\/posts"}],"about":[{"href":"https:\/\/migracao.redenoticia.com.br\/noticia\/wp-json\/wp\/v2\/types\/post"}],"author":[{"embeddable":true,"href":"https:\/\/migracao.redenoticia.com.br\/noticia\/wp-json\/wp\/v2\/users\/2"}],"replies":[{"embeddable":true,"href":"https:\/\/migracao.redenoticia.com.br\/noticia\/wp-json\/wp\/v2\/comments?post=175187"}],"version-history":[{"count":0,"href":"https:\/\/migracao.redenoticia.com.br\/noticia\/wp-json\/wp\/v2\/posts\/175187\/revisions"}],"wp:featuredmedia":[{"embeddable":true,"href":"https:\/\/migracao.redenoticia.com.br\/noticia\/wp-json\/wp\/v2\/media\/168048"}],"wp:attachment":[{"href":"https:\/\/migracao.redenoticia.com.br\/noticia\/wp-json\/wp\/v2\/media?parent=175187"}],"wp:term":[{"taxonomy":"category","embeddable":true,"href":"https:\/\/migracao.redenoticia.com.br\/noticia\/wp-json\/wp\/v2\/categories?post=175187"},{"taxonomy":"post_tag","embeddable":true,"href":"https:\/\/migracao.redenoticia.com.br\/noticia\/wp-json\/wp\/v2\/tags?post=175187"}],"curies":[{"name":"wp","href":"https:\/\/api.w.org\/{rel}","templated":true}]}}