{"id":175191,"date":"2019-04-25T16:38:02","date_gmt":"2019-04-25T19:38:02","guid":{"rendered":"https:\/\/www.redenoticia.com.br\/noticia\/?p=175191"},"modified":"2019-05-09T19:07:20","modified_gmt":"2019-05-09T22:07:20","slug":"resumo-novela-a-que-nao-podia-amar-26-04-bruno-faz-mercedes-acreditar-que-ana-e-sua-namorada","status":"publish","type":"post","link":"https:\/\/migracao.redenoticia.com.br\/noticia\/2019\/resumo-novela-a-que-nao-podia-amar-26-04-bruno-faz-mercedes-acreditar-que-ana-e-sua-namorada\/175191","title":{"rendered":"Resumo novela \u201cA Que N\u00e3o Podia Amar\u201d 26\/04: Bruno faz Mercedes acreditar que Ana \u00e9 sua namorada"},"content":{"rendered":"<p><strong><em><img loading=\"lazy\" decoding=\"async\" class=\"aligncenter size-large wp-image-173635\" src=\"https:\/\/migracao.redenoticia.com.br\/noticia\/imagens\/a-que-nao-podia-amar-400x271.jpg\" alt=\"\" width=\"400\" height=\"271\" srcset=\"https:\/\/migracao.redenoticia.com.br\/noticia\/imagens\/a-que-nao-podia-amar-400x271.jpg 400w, https:\/\/migracao.redenoticia.com.br\/noticia\/imagens\/a-que-nao-podia-amar-250x169.jpg 250w, https:\/\/migracao.redenoticia.com.br\/noticia\/imagens\/a-que-nao-podia-amar-560x379.jpg 560w, https:\/\/migracao.redenoticia.com.br\/noticia\/imagens\/a-que-nao-podia-amar.jpg 620w\" sizes=\"auto, (max-width: 400px) 100vw, 400px\" \/><\/em><\/strong><\/p>\n<p>Resumo da novela<strong><em> \u201cA Que N\u00e3o Podia Amar\u201d&nbsp;<\/em><\/strong> em 26\/04 : no cap\u00edtulo 015(*) da novela, sexta-feira, 26 de abril, Ana Paula diz a Rog\u00e9rio que gostaria de visitar as pessoas que seu irm\u00e3o atropelou. Ele a aconselha a n\u00e3o se envolver e diz que o melhor \u00e9 que elas morram. Ele percebe que Ana ficou chocada com o que disse e tenta se explicar dizendo que \u00e9 o melhor para seu irm\u00e3o, pois, se elas ficarem de alguma forma impedidas de trabalhar, Miguel ter\u00e1 que pagar uma pens\u00e3o pelo resto da vida. Mercedes exige que David lhe diga onde est\u00e1 seu irm\u00e3o e o acusa de ser o \u00fanico interessado em que desaparecera. Bruno pergunta a Ana Paula at\u00e9 que ponto est\u00e1 disposta a se sacrificar por sua fam\u00edlia. Ela responde que est\u00e1 disposta a tudo, menos a manchar sua dignidade. Bruno pergunta se ela se casaria sem amor. Ana diz que jamais faria isso.<\/p>\n<p>Estev\u00e3o surpreende Vanessa e Rog\u00e9rio se beijando. Ele diz a Vanessa que lhe dar\u00e1 o div\u00f3rcio e previne Rog\u00e9rio dizendo que vai engan\u00e1-lo como fez com ele. Ao saber que Elias montou a \u00e9gua que pertence a Cinthia, Maria adverte o capataz dos problemas que poder\u00e1 ter com o patr\u00e3o. Bruno faz Mercedes acreditar que Ana Paula \u00e9 sua namorada. Ana Paula se aproxima de Mercedes para saber not\u00edcias de Gustavo e leva uma bofetada. Morrem as pessoas atropelas por Miguel e Ana Paula se oferece para assumir as despesas com o funeral. Um dos familiares das v\u00edtimas chama Miguel de assassino. Bruno diz a Rog\u00e9rio que estranha muito sua decis\u00e3o de voltar com Vanessa depois de tudo que aconteceu e tamb\u00e9m seu interesse por Ana. Bruno lembra ainda a Rog\u00e9rio que ele n\u00e3o pode fazer nenhuma mulher feliz. Rog\u00e9rio responde que existe outras maneiras de fazer uma mulher feliz e afirma que tem sim interesse em Ana Paula.<\/p>\n<p>Miguel termina seu namoro com Dany e diz que ela n\u00e3o merece estar ao lado de um assassino. Rog\u00e9rio chega \u00e0 casa de Ana Paula. Rosaura diz que sua sobrinha est\u00e1 inconsol\u00e1vel por causa do acidente com seu irm\u00e3o e que n\u00e3o sabe o que fazer para impedir que ele v\u00e1 para a pris\u00e3o. Rog\u00e9rio diz a Rosaura que pode livrar Miguel da cadeia mas em troca quer sua sobrinha. Rosaura finge estar ofendida e diz que sua sobrinha \u00e9 uma mo\u00e7a honesta. Rog\u00e9rio responde que Ana Paula sim, mas ela n\u00e3o e \u00e9 capaz de vend\u00ea-la a quem lhe oferecer mais e essa pessoa \u00e9 ele.<\/p>\n<p>(*) edi\u00e7\u00e3o do SBT, Novela \u201cA Que N\u00e3o Podia Amar\u201d, sujeito a altera\u00e7\u00e3o de data e conte\u00fado.<\/p>\n<p>Destaques<\/p>\n<p>&#8220;A Que N\u00e3o Podia Amar&#8221;- Ana Paula, uma enfermeira humilde que se v\u00ea obrigada a trabalhar na casa de Rog\u00e9rio Montero (Jorge Salinas), um homem amargurado. Rog\u00e9rio sofre por ser parapl\u00e9gico e destrata todas as pessoas. Ana Paula atura tudo calada e o rica\u00e7o se apaixona por ela.<\/p>\n<p>Ana conhece Gustavo Duran (Jos\u00e9 Ron), um engenheiro nobre e trabalhador. Os dois se apaixonam, mas ter\u00e3o de enfrentar Rog\u00e9rio, j\u00e1 que ele tamb\u00e9m gosta da mocinha, formando assim, um tri\u00e2ngulo amoroso com terr\u00edveis consequ\u00eancias.<\/p>\n","protected":false},"excerpt":{"rendered":"<p>Resumo da novela \u201cA Que N\u00e3o Podia Amar\u201d&nbsp; em 26\/04 : no cap\u00edtulo 015(*) da novela, sexta-feira, 26 de abril, Ana Paula diz a Rog\u00e9rio que gostaria de visitar as pessoas que seu irm\u00e3o atropelou. Ele a aconselha a n\u00e3o se envolver e diz que o melhor \u00e9 que elas morram. Ele percebe que Ana [&hellip;]<\/p>\n","protected":false},"author":4,"featured_media":173627,"comment_status":"open","ping_status":"closed","sticky":false,"template":"","format":"standard","meta":{"tdm_status":"","tdm_grid_status":"","footnotes":""},"categories":[379,372,343],"tags":[441],"class_list":{"0":"post-175191","1":"post","2":"type-post","3":"status-publish","4":"format-standard","5":"has-post-thumbnail","7":"category-novelas","8":"category-sbt","9":"category-televisao","10":"tag-resumo-do-dia"},"_links":{"self":[{"href":"https:\/\/migracao.redenoticia.com.br\/noticia\/wp-json\/wp\/v2\/posts\/175191","targetHints":{"allow":["GET"]}}],"collection":[{"href":"https:\/\/migracao.redenoticia.com.br\/noticia\/wp-json\/wp\/v2\/posts"}],"about":[{"href":"https:\/\/migracao.redenoticia.com.br\/noticia\/wp-json\/wp\/v2\/types\/post"}],"author":[{"embeddable":true,"href":"https:\/\/migracao.redenoticia.com.br\/noticia\/wp-json\/wp\/v2\/users\/4"}],"replies":[{"embeddable":true,"href":"https:\/\/migracao.redenoticia.com.br\/noticia\/wp-json\/wp\/v2\/comments?post=175191"}],"version-history":[{"count":0,"href":"https:\/\/migracao.redenoticia.com.br\/noticia\/wp-json\/wp\/v2\/posts\/175191\/revisions"}],"wp:featuredmedia":[{"embeddable":true,"href":"https:\/\/migracao.redenoticia.com.br\/noticia\/wp-json\/wp\/v2\/media\/173627"}],"wp:attachment":[{"href":"https:\/\/migracao.redenoticia.com.br\/noticia\/wp-json\/wp\/v2\/media?parent=175191"}],"wp:term":[{"taxonomy":"category","embeddable":true,"href":"https:\/\/migracao.redenoticia.com.br\/noticia\/wp-json\/wp\/v2\/categories?post=175191"},{"taxonomy":"post_tag","embeddable":true,"href":"https:\/\/migracao.redenoticia.com.br\/noticia\/wp-json\/wp\/v2\/tags?post=175191"}],"curies":[{"name":"wp","href":"https:\/\/api.w.org\/{rel}","templated":true}]}}