{"id":175194,"date":"2019-04-25T16:39:24","date_gmt":"2019-04-25T19:39:24","guid":{"rendered":"https:\/\/www.redenoticia.com.br\/noticia\/?p=175194"},"modified":"2019-05-09T19:07:17","modified_gmt":"2019-05-09T22:07:17","slug":"resumo-novela-as-aventuras-de-poliana-26-04-marcelo-se-declara-para-luisa","status":"publish","type":"post","link":"https:\/\/migracao.redenoticia.com.br\/noticia\/2019\/resumo-novela-as-aventuras-de-poliana-26-04-marcelo-se-declara-para-luisa\/175194","title":{"rendered":"Resumo novela \u201cAs Aventuras de Poliana\u201d 26\/04: Marcelo se declara para Lu\u00edsa"},"content":{"rendered":"<p><strong><em><img loading=\"lazy\" decoding=\"async\" class=\"aligncenter size-large wp-image-148662\" src=\"https:\/\/migracao.redenoticia.com.br\/noticia\/imagens\/as-aventuras-de-poliana-novela-400x267.jpg\" alt=\"\" width=\"400\" height=\"267\" srcset=\"https:\/\/migracao.redenoticia.com.br\/noticia\/imagens\/as-aventuras-de-poliana-novela-400x267.jpg 400w, https:\/\/migracao.redenoticia.com.br\/noticia\/imagens\/as-aventuras-de-poliana-novela-250x167.jpg 250w, https:\/\/migracao.redenoticia.com.br\/noticia\/imagens\/as-aventuras-de-poliana-novela-150x100.jpg 150w, https:\/\/migracao.redenoticia.com.br\/noticia\/imagens\/as-aventuras-de-poliana-novela.jpg 600w\" sizes=\"auto, (max-width: 400px) 100vw, 400px\" \/>Resumo novela \u201cAs Aventuras de Poliana\u201d 26\/04 <\/em><\/strong>: no cap\u00edtulo 248(*) da novela, resumo de sexta-feira, 26 de abril, Kessya pergunta \u00e0 Yasmin se ela realmente gosta de Luigi e a menina se enrola na resposta. D\u00e9bora e Salvador provocam Lu\u00edsa descaradamente na escola. Marcelo chega e a defende. Gleyce conta \u00e0 Ruth sobre a assistente social e a situa\u00e7\u00e3o de Bento. Roger pergunta \u00e0 Claudia sobre as crian\u00e7as investigarem a vida de Pendleton e arma um plano com ela para saber mais informa\u00e7\u00f5es. A secret\u00e1ria reluta em participar.<\/p>\n<p>O projeto A Escola dos Sonhos come\u00e7a a funcionar e o gr\u00eamio se anima. Pendleton encontra Lu\u00edsa e pede para ela entrar em seu carro. Marcelo v\u00ea a cena, de longe. Ruth, irritada, grita no meio da escola e critica o projeto \u201cEscola dos Sonhos\u201d. Os alunos filmam a rea\u00e7\u00e3o exagerada da diretora. Poliana chora. Pendleton diz a Lu\u00edsa que eles tinham um trato de sigilo sobre o passado dele. A Chapa Contente fica muito triste com a rea\u00e7\u00e3o de Ruth. Lu\u00edsa diz \u00e0 Pendleton que n\u00e3o quer mais a Sara vigiando a casa dela.<\/p>\n<p>Marcelo vai \u00e0 casa de Pendleton atr\u00e1s de Lu\u00edsa. Depois, Claudia vai \u00e0 casa de Pendleton e ele pede para que ela seja fiel \u00e0 ele e ao Otto, e n\u00e3o \u00e0 Roger. Gabi, na padaria, provoca Mirela sobre a bronca de Ruth na frente de todos. Durval demite Mirela. Pendleton pede para que Claudia seja seus olhos e ouvidos dentro da O11O. Nanci, furiosa, vai \u00e0 O11O discutir com Waldisney. Gui procura Gl\u00f3ria e pergunta como est\u00e1 a sa\u00fade dela. Lu\u00edsa e Marcelo conversam sobre Nadine e ele se declara para sua antiga paix\u00e3o.<\/p>\n<p>(*) edi\u00e7\u00e3o do SBT, Novela \u201cAs Aventuras de Poliana\u201d, sujeito a altera\u00e7\u00e3o de data e conte\u00fado.<\/p>\n<p>Poliana \u00e9 uma menina extrovertida e de bom cora\u00e7\u00e3o que viajava o Brasil com seus pais, Lorenzo e Alice, no grupo circense Trupe Vagalume. Aos onze anos a garota v\u00ea seu mundo desabar quando seus pais falecem e ela tem que ir morar em S\u00e3o Paulo com sua tia Lu\u00edsa, uma mulher rica e severa, a qual ela n\u00e3o conhecia e que n\u00e3o queria cuidar dela, embora sinta que \u00e9 sua obriga\u00e7\u00e3o pela alma de sua irm\u00e3. Apesar do jeito da rigidez da tia, Poliana decide ter uma vis\u00e3o positiva e inabal\u00e1vel da vida, mesmo nos momentos de dificuldade, tentando levar um pouco de felicidade para a vida de cada um dos seus novos amigos e vizinhos, como o Sr. Pendleton, um homem rico e infeliz por nunca ter tido filhos. Ela vai estudar no col\u00e9gio de Ruth, uma diretora de bom cora\u00e7\u00e3o que a ajuda a se adaptar, mas tem que lidar com as vilanias de Mirela, garota mais velha que n\u00e3o aceita perder a popularidade para uma novata.<\/p>\n","protected":false},"excerpt":{"rendered":"<p>Resumo novela \u201cAs Aventuras de Poliana\u201d 26\/04 : no cap\u00edtulo 248(*) da novela, resumo de sexta-feira, 26 de abril, Kessya pergunta \u00e0 Yasmin se ela realmente gosta de Luigi e a menina se enrola na resposta. D\u00e9bora e Salvador provocam Lu\u00edsa descaradamente na escola. Marcelo chega e a defende. Gleyce conta \u00e0 Ruth sobre a [&hellip;]<\/p>\n","protected":false},"author":4,"featured_media":148663,"comment_status":"open","ping_status":"closed","sticky":false,"template":"","format":"standard","meta":{"tdm_status":"","tdm_grid_status":"","footnotes":""},"categories":[477,379,372,343],"tags":[441],"class_list":{"0":"post-175194","1":"post","2":"type-post","3":"status-publish","4":"format-standard","5":"has-post-thumbnail","7":"category-as-aventuras-de-poliana","8":"category-novelas","9":"category-sbt","10":"category-televisao","11":"tag-resumo-do-dia"},"_links":{"self":[{"href":"https:\/\/migracao.redenoticia.com.br\/noticia\/wp-json\/wp\/v2\/posts\/175194","targetHints":{"allow":["GET"]}}],"collection":[{"href":"https:\/\/migracao.redenoticia.com.br\/noticia\/wp-json\/wp\/v2\/posts"}],"about":[{"href":"https:\/\/migracao.redenoticia.com.br\/noticia\/wp-json\/wp\/v2\/types\/post"}],"author":[{"embeddable":true,"href":"https:\/\/migracao.redenoticia.com.br\/noticia\/wp-json\/wp\/v2\/users\/4"}],"replies":[{"embeddable":true,"href":"https:\/\/migracao.redenoticia.com.br\/noticia\/wp-json\/wp\/v2\/comments?post=175194"}],"version-history":[{"count":0,"href":"https:\/\/migracao.redenoticia.com.br\/noticia\/wp-json\/wp\/v2\/posts\/175194\/revisions"}],"wp:featuredmedia":[{"embeddable":true,"href":"https:\/\/migracao.redenoticia.com.br\/noticia\/wp-json\/wp\/v2\/media\/148663"}],"wp:attachment":[{"href":"https:\/\/migracao.redenoticia.com.br\/noticia\/wp-json\/wp\/v2\/media?parent=175194"}],"wp:term":[{"taxonomy":"category","embeddable":true,"href":"https:\/\/migracao.redenoticia.com.br\/noticia\/wp-json\/wp\/v2\/categories?post=175194"},{"taxonomy":"post_tag","embeddable":true,"href":"https:\/\/migracao.redenoticia.com.br\/noticia\/wp-json\/wp\/v2\/tags?post=175194"}],"curies":[{"name":"wp","href":"https:\/\/api.w.org\/{rel}","templated":true}]}}