{"id":175342,"date":"2019-05-24T22:30:27","date_gmt":"2019-05-25T01:30:27","guid":{"rendered":"https:\/\/www.redenoticia.com.br\/noticia\/?p=175342"},"modified":"2019-05-24T23:55:45","modified_gmt":"2019-05-25T02:55:45","slug":"a-dona-do-pedaco-elenco-completo-e-personagens-da-novela","status":"publish","type":"post","link":"https:\/\/migracao.redenoticia.com.br\/noticia\/2019\/a-dona-do-pedaco-elenco-completo-e-personagens-da-novela\/175342","title":{"rendered":"&#8220;A Dona do Peda\u00e7o&#8221;: a hist\u00f3ria de Maria da Paz, elenco e personagens"},"content":{"rendered":"<p><img loading=\"lazy\" decoding=\"async\" class=\"aligncenter size-large wp-image-175347\" src=\"https:\/\/migracao.redenoticia.com.br\/noticia\/imagens\/A-Dona-do-Pedaco-globo-261x300.jpg\" alt=\"\" width=\"261\" height=\"300\" srcset=\"https:\/\/migracao.redenoticia.com.br\/noticia\/imagens\/A-Dona-do-Pedaco-globo-261x300.jpg 261w, https:\/\/migracao.redenoticia.com.br\/noticia\/imagens\/A-Dona-do-Pedaco-globo-163x187.jpg 163w, https:\/\/migracao.redenoticia.com.br\/noticia\/imagens\/A-Dona-do-Pedaco-globo.jpg 600w\" sizes=\"auto, (max-width: 261px) 100vw, 261px\" \/><\/p>\n<p>Elenco completo e personagens: &#8220;<em><strong>A Dona do Peda\u00e7o<\/strong><\/em>&#8221; \u00e9 a novela substituta de O S\u00e9timo Guardi\u00e3o. A trama conta a hist\u00f3ria de Maria da Paz Ramirez (Juliana Paes), mo\u00e7a criada no interior do Esp\u00edrito Santo e que sai de sua cidade jurada de morte, rumo a S\u00e3o Paulo. O motivo da fuga: ela se apaixona por Amadeu Matheus (Marcos Palmeira), herdeiro da fam\u00edlia rival, que, no dia do casamento com Maria, leva um tiro.<\/p>\n<p>Na capital, Maria da Paz, que acredita que Amadeu est\u00e1 morto, come\u00e7a a fazer bolos, arte que aprendeu ainda menina com a av\u00f3 Dulce (Fernanda Montenegro), para sobreviver. De boleira vendedora ambulante, ela se transforma numa bem-sucedida dona de uma rede de confeitarias e cria sua \u00fanica filha, Josiane (Agatha Moreira), fruto de seu amor por Amadeu, cercada de mimos. Por\u00e9m, isso n\u00e3o \u00e9 o suficiente para a menina, cuja ambi\u00e7\u00e3o vai muito al\u00e9m. Josiane, que com vergonha do nome faz quest\u00e3o de ser chamada de J\u00f4, articula um plano para tirar o dinheiro de Maria e a apresenta ao playboy R\u00e9gis (Reynaldo Gianecchini) para que ele a m\u00e3e se casem.<\/p>\n<p>De Walcyr Carrasco, a pr\u00f3xima novela das nove, A Dona do Peda\u00e7o, tem colabora\u00e7\u00e3o de Nelson Nadotti, M\u00e1rcio Haiduck e Vinicius Vianna, dire\u00e7\u00e3o art\u00edstica de Amora Mautner, dire\u00e7\u00e3o geral de Luciano Sabino e dire\u00e7\u00e3o de Andr\u00e9 Barros, Bernardo S\u00e1, Bruno Martins Moraes, Caetano Caruso e Vicente Kubrusly.<\/p>\n<p>Elenco completo e personagens<\/p>\n<p>Juliana Paes vive a protagonista Maria da Paz Ramirez.<\/p>\n<p>Marcos Palmeira ser\u00e1 Amadeu, o grande amor de Maria da Paz (Juliana Paes).<\/p>\n<p>Fernanda Montenegro \u00e9 Dulce, a matriarca da fam\u00edlia Ramirez.<\/p>\n<p>Reynaldo Gianecchini interpreta o playboy R\u00e9gis.<\/p>\n<p>Agatha Moreira interpreta a ambiciosa Josiane, filha de Maria (Juliana Paes) e Amadeu (Marcos Palmeira), a vil\u00e3 de &#8216;A Dona do Peda\u00e7o&#8217;.<\/p>\n<p>\u00c1lamo Fac\u00f3 interpreta Vicente, irm\u00e3o de Amadeu (Marcos Palmeira).<\/p>\n<p>Anderson Di Rizzi \u00e9 M\u00e1rcio, gerente da rede de confeitarias de Maria da Paz (Juliana Paes).<\/p>\n<p>Ary Fontoura d\u00e1 vida ao advogado Antero.<\/p>\n<p>\u00c1urea Maranh\u00e3o vive Ticiana, irm\u00e3 de Amadeu (Marcos Palmeira).<\/p>\n<p>Betty Faria interpreta Corn\u00e9lia, m\u00e3e de Eus\u00e9bio (Marco Nanini), casada com Chico (Tonico Pereira).<\/p>\n<p>Caio Castro ser\u00e1 o lutador Rock, um dos tr\u00eas filhos de Eus\u00e9bio (Marco Nanini) e Dod\u00f4 (Rosi Campos).<\/p>\n<p>Cesar Ferrario \u00e9 Ad\u00e3o, irm\u00e3o de Ademir (Gen\u00e9zio de Barros).<\/p>\n<p>Cynthia Senek interpreta Edilene, filha de Cosme (Osvaldo Mil) e trabalha como empregada na casa de Beatriz (Nat\u00e1lia do Vale).<\/p>\n<p>Deborah Evelyn vive Lyris, irm\u00e3 de R\u00e9gis (Reynaldo Gianecchini) e \u00e9 casada com Agno (Malvino Salvador).<\/p>\n<p>Fernando Eiras d\u00e1 vida ao padre em &#8220;A Dona do Peda\u00e7o&#8217;. O religioso \u00e9 quem ajuda Maria da Paz (Juliana Paes) a fugir da fict\u00edcia cidade de Rio Vermelho.<\/p>\n<p>Gen\u00e9zio de Barros \u00e9 Ademir, pai de Maria da Paz (Juliana Paes).<\/p>\n<p>Guilherme Leicam ser\u00e1 Junior em &#8216;A Dona do Peda\u00e7o&#8217;.<\/p>\n<p>Heloisa Jorge vive Gilda, fisioterapeuta casada com Amadeu (Marcos Palmeira).<\/p>\n<p>Jos\u00e9 de Abreu \u00e9 o empres\u00e1rio Ot\u00e1vio, casado com Beatriz (Nat\u00e1lia do Vale) e pai adotivo de Vivi (Paolla Oliveira).<\/p>\n<p>Jussara Freire \u00e9 Nilda, m\u00e3e de Amadeu (Marcos Palmeira).<\/p>\n<p>Lee Taylor ser\u00e1 o investigador de pol\u00edcia Camilo, noivo de Vivi (Paolla Oliveira).<\/p>\n<p>Lucy Ramos \u00e9 S\u00edlvia, em &#8216;A Dona do Peda\u00e7o&#8217;. A personagem \u00e9 irm\u00e3 de Gilda (Helo\u00edsa Jorge) e namorada de M\u00e1rcio (Anderson Di Rizzi).<\/p>\n<p>Luiz Carlos Vasconcelos \u00e9 Miroel Matheus, principal rival dos Ramirez e pai de Amadeu (Marcos Palmeira).<\/p>\n<p>Maeve Jinkings \u00e9 Zenaide Ramirez, irm\u00e3 de Maria da Paz (Juliana Paes).<\/p>\n<p>Agno, personagem de Malvino Salvador em &#8216;A Dona do Peda\u00e7o&#8217;, \u00e9 casado com Lyris (Deborah Evelyn).<\/p>\n<p>Marco Nanini interpreta Eus\u00e9bio, casado com Dod\u00f4 (Rosi Campos).<\/p>\n<p>Mel Maia ser\u00e1 C\u00e1ssia, filha do casal Agno (Malvino Salvador) e Lyris (Deborah Evelyn).<\/p>\n<p>Monica Iozzi \u00e9 Kim, consultora das blogueiras Vivi (Paolla Oliveira) e J\u00f4 (Agatha Moreira).<\/p>\n<p>Nat\u00e1lia do Vale \u00e9 Beatriz, casada com Ot\u00e1vio (Jos\u00e9 de Abreu) e m\u00e3e adotiva de Vivi (Paolla Oliveira).<\/p>\n<p>Nathalia Dill vive a novi\u00e7a Fabiana, irm\u00e3 de Vivi (Paolla Oliveira).<\/p>\n<p>Nathalia Timberg \u00e9 Gladys, Aristocrata falida, \u00e9 m\u00e3e de R\u00e9gis (Reynaldo Gianecchini) e Lyris (Deborah Evelyn).<\/p>\n<p>N\u00edvea Maria interpreta Evelina, m\u00e3e de Maria da Paz (Juliana Paes) e Zenaide (Maeve Jinkings).<\/p>\n<p>Osvaldo Mil \u00e9 Cosme, pai de Edilene (Cynthia Senek) e motorista de Ot\u00e1vio (Jos\u00e9 de Abreu).<\/p>\n<p>Paolla Oliveira \u00e9 a blogueira Vivi Guedes, irm\u00e3 de Fabiana (Nathalia Dill) e filha de Zenaide (Maeve Jinkings). Vivi foi criada pelo casal Ot\u00e1vio (Jos\u00e9 de Abreu) e Beatriz (Nat\u00e1lia do Vale).<\/p>\n<p>Pedro Carvalho vai interpretar Abel, o confeiteiro da f\u00e1brica de bolos de Maria da Paz.<\/p>\n<p>Rainer Cadete vai viver o conceituado fot\u00f3grafo de moda T\u00e9o, em &#8216;A Dona do Peda\u00e7o&#8217;.<\/p>\n<p>Rosamaria Murtinho ser\u00e1 Linda, m\u00e3e de Beatriz (Nat\u00e1lia do Vale).<\/p>\n<p>Rosane Goffman ser\u00e1 Ellen, funcion\u00e1ria da casa de Maria da Paz (Juliana Paes), \u00e9 grande amiga da patroa.<\/p>\n<p>Rosi Campos d\u00e1 vida a Dod\u00f4, mulher de Eus\u00e9bio (Marco Nanini).<\/p>\n<p>Sergio Guize interpreta Chiclete.<\/p>\n<p>Suley Franco vive a professora aposentada Marlene, que acolhe Maria da Paz (Juliana Paes) quando a mo\u00e7a chega a S\u00e3o Paulo.<\/p>\n<p>Tonico Pereira vai interpretar Chico, em &#8216;A Dona do Peda\u00e7o&#8217;. O personagem \u00e9 casado com Corn\u00e9lia (Betty Faria).<\/p>\n","protected":false},"excerpt":{"rendered":"<p>Elenco completo e personagens: &#8220;A Dona do Peda\u00e7o&#8221; \u00e9 a novela substituta de O S\u00e9timo Guardi\u00e3o. A trama conta a hist\u00f3ria de Maria da Paz Ramirez (Juliana Paes), mo\u00e7a criada no interior do Esp\u00edrito Santo e que sai de sua cidade jurada de morte, rumo a S\u00e3o Paulo. O motivo da fuga: ela se apaixona [&hellip;]<\/p>\n","protected":false},"author":2,"featured_media":175348,"comment_status":"open","ping_status":"closed","sticky":false,"template":"","format":"standard","meta":{"tdm_status":"","tdm_grid_status":"","footnotes":""},"categories":[543,379,375,343],"tags":[440],"class_list":{"0":"post-175342","1":"post","2":"type-post","3":"status-publish","4":"format-standard","5":"has-post-thumbnail","7":"category-a-dona-do-pedaco","8":"category-novelas","9":"category-rede-globo","10":"category-televisao","11":"tag-noticia-novela"},"_links":{"self":[{"href":"https:\/\/migracao.redenoticia.com.br\/noticia\/wp-json\/wp\/v2\/posts\/175342","targetHints":{"allow":["GET"]}}],"collection":[{"href":"https:\/\/migracao.redenoticia.com.br\/noticia\/wp-json\/wp\/v2\/posts"}],"about":[{"href":"https:\/\/migracao.redenoticia.com.br\/noticia\/wp-json\/wp\/v2\/types\/post"}],"author":[{"embeddable":true,"href":"https:\/\/migracao.redenoticia.com.br\/noticia\/wp-json\/wp\/v2\/users\/2"}],"replies":[{"embeddable":true,"href":"https:\/\/migracao.redenoticia.com.br\/noticia\/wp-json\/wp\/v2\/comments?post=175342"}],"version-history":[{"count":0,"href":"https:\/\/migracao.redenoticia.com.br\/noticia\/wp-json\/wp\/v2\/posts\/175342\/revisions"}],"wp:featuredmedia":[{"embeddable":true,"href":"https:\/\/migracao.redenoticia.com.br\/noticia\/wp-json\/wp\/v2\/media\/175348"}],"wp:attachment":[{"href":"https:\/\/migracao.redenoticia.com.br\/noticia\/wp-json\/wp\/v2\/media?parent=175342"}],"wp:term":[{"taxonomy":"category","embeddable":true,"href":"https:\/\/migracao.redenoticia.com.br\/noticia\/wp-json\/wp\/v2\/categories?post=175342"},{"taxonomy":"post_tag","embeddable":true,"href":"https:\/\/migracao.redenoticia.com.br\/noticia\/wp-json\/wp\/v2\/tags?post=175342"}],"curies":[{"name":"wp","href":"https:\/\/api.w.org\/{rel}","templated":true}]}}