{"id":17540,"date":"2009-11-16T22:43:59","date_gmt":"2009-11-17T02:43:59","guid":{"rendered":"http:\/\/www.redenoticia.com.br\/noticia\/?p=17540"},"modified":"2009-11-17T22:36:43","modified_gmt":"2009-11-18T02:36:43","slug":"karina-bacchi-faz-discurso-em-a-fazenda-2","status":"publish","type":"post","link":"https:\/\/migracao.redenoticia.com.br\/noticia\/2009\/karina-bacchi-faz-discurso-em-a-fazenda-2\/17540","title":{"rendered":"Karina Bacchi faz discurso em A Fazenda 2"},"content":{"rendered":"<p><strong><img loading=\"lazy\" decoding=\"async\" class=\"alignleft size-full wp-image-17492\" title=\"a fazenda 2\" src=\"https:\/\/migracao.redenoticia.com.br\/noticia\/imagens\/a-fazenda-2.jpg\" alt=\"a fazenda 2\" width=\"300\" height=\"193\" srcset=\"https:\/\/migracao.redenoticia.com.br\/noticia\/imagens\/a-fazenda-2.jpg 300w, https:\/\/migracao.redenoticia.com.br\/noticia\/imagens\/a-fazenda-2-250x160.jpg 250w, https:\/\/migracao.redenoticia.com.br\/noticia\/imagens\/a-fazenda-2-150x96.jpg 150w\" sizes=\"auto, (max-width: 300px) 100vw, 300px\" \/>A Fazenda<\/strong> \u2013 no in\u00edcio da disputa de <strong>A Fazenda 2<\/strong>, <strong>Karina Bacchi<\/strong> usa do seu bom senso e discursa para todos os pe\u00f5es. O motivo foi o apelo de Karina em prol da harmonia na casa e a manuten\u00e7\u00e3o de um bom n\u00edvel na disputa de A Fazenda. Pela forma como Karina se expressou ela est\u00e1 com receio que o barraco comece muito r\u00e1pido. A Fazendeira da semana, Andressa, falou com v\u00e1rios pe\u00f5es que a audi\u00eancia sobe quando come\u00e7am as brigas, o que deve acontecer nesta ter\u00e7a-feira, ap\u00f3s a competi\u00e7\u00e3o da primeira prova de A Fazenda.\u00a0Xuxa diz estar preparado para vencer nas provas, e esta \u00e9 a sua grande vantagem. \u00a0<\/p>\n<p>Segundo boletim divulgado pela assessoria de A Fazenda, Karina Bacchi estrelou o reality show &#8220;Simple Life &#8211; Mudando de Vida&#8221;, em 2006 na Record. Atriz, come\u00e7ou a atuar em 2000 na novela &#8220;Vidas Cruzadas&#8221;. Em 2009, com 33 anos, foi rep\u00f3rter do programa &#8220;Geraldo Brasil&#8221;, tamb\u00e9m na emissora. Karina tem dois livros publicados, o infantil &#8220;Feliska&#8221; e a colet\u00e2nea de anota\u00e7\u00f5es &#8220;C\u00f3digo K&#8221;, e ainda tem f\u00f4lego para integrar a diretoria da ONG Florescer, que atua na favela Parais\u00f3polis, em S\u00e3o Paulo.<\/p>\n<p>O Xuxa, Fernando Scherer , atleta de A Fazenda, \u00e9 um dos grandes nomes da nata\u00e7\u00e3o. Natural de Florian\u00f3polis (SC), sua principal conquista foi a medalha de ouro nos 100 metros livre no Mundial de Nata\u00e7\u00e3o em 1993, quando foi eleito o atleta revela\u00e7\u00e3o do Brasil. Conquistou sete medalhas de ouro dos Jogos Pan-americanos e outras duas medalhas ol\u00edmpicas de bronze em Atlanta e Sydney. Hoje com 35 anos, Scherer \u00e9 dono de uma academia e empresaria atletas, entre eles Cesar Cielo.<\/p>\n<p>A Fazenda 2<\/p>\n","protected":false},"excerpt":{"rendered":"<p>A Fazenda \u2013 no in\u00edcio da disputa de A Fazenda 2, Karina Bacchi usa do seu bom senso e discursa para todos os pe\u00f5es. O motivo foi o apelo de Karina em prol da harmonia na casa e a manuten\u00e7\u00e3o de um bom n\u00edvel na disputa de A Fazenda. Pela forma como Karina se expressou [&hellip;]<\/p>\n","protected":false},"author":3,"featured_media":0,"comment_status":"open","ping_status":"open","sticky":false,"template":"","format":"standard","meta":{"tdm_status":"","tdm_grid_status":"","footnotes":""},"categories":[371,343],"tags":[],"class_list":{"0":"post-17540","1":"post","2":"type-post","3":"status-publish","4":"format-standard","6":"category-rede-record","7":"category-televisao"},"_links":{"self":[{"href":"https:\/\/migracao.redenoticia.com.br\/noticia\/wp-json\/wp\/v2\/posts\/17540","targetHints":{"allow":["GET"]}}],"collection":[{"href":"https:\/\/migracao.redenoticia.com.br\/noticia\/wp-json\/wp\/v2\/posts"}],"about":[{"href":"https:\/\/migracao.redenoticia.com.br\/noticia\/wp-json\/wp\/v2\/types\/post"}],"author":[{"embeddable":true,"href":"https:\/\/migracao.redenoticia.com.br\/noticia\/wp-json\/wp\/v2\/users\/3"}],"replies":[{"embeddable":true,"href":"https:\/\/migracao.redenoticia.com.br\/noticia\/wp-json\/wp\/v2\/comments?post=17540"}],"version-history":[{"count":0,"href":"https:\/\/migracao.redenoticia.com.br\/noticia\/wp-json\/wp\/v2\/posts\/17540\/revisions"}],"wp:attachment":[{"href":"https:\/\/migracao.redenoticia.com.br\/noticia\/wp-json\/wp\/v2\/media?parent=17540"}],"wp:term":[{"taxonomy":"category","embeddable":true,"href":"https:\/\/migracao.redenoticia.com.br\/noticia\/wp-json\/wp\/v2\/categories?post=17540"},{"taxonomy":"post_tag","embeddable":true,"href":"https:\/\/migracao.redenoticia.com.br\/noticia\/wp-json\/wp\/v2\/tags?post=17540"}],"curies":[{"name":"wp","href":"https:\/\/api.w.org\/{rel}","templated":true}]}}