{"id":175413,"date":"2019-05-07T21:23:48","date_gmt":"2019-05-08T00:23:48","guid":{"rendered":"https:\/\/www.redenoticia.com.br\/noticia\/?p=175413"},"modified":"2019-05-07T21:23:11","modified_gmt":"2019-05-08T00:23:11","slug":"novela-o-setimo-guardiao-gabriel-ou-junior-morre-por-luz","status":"publish","type":"post","link":"https:\/\/migracao.redenoticia.com.br\/noticia\/2019\/novela-o-setimo-guardiao-gabriel-ou-junior-morre-por-luz\/175413","title":{"rendered":"Novela \u201cO S\u00e9timo Guardi\u00e3o\u201d: Gabriel ou J\u00fanior morre por Luz"},"content":{"rendered":"<p><strong><em> <img loading=\"lazy\" decoding=\"async\" class=\"aligncenter size-large wp-image-154960\" src=\"https:\/\/migracao.redenoticia.com.br\/noticia\/imagens\/o-setimo-guardiao-111-297x300.jpg\" alt=\"\" width=\"297\" height=\"300\" srcset=\"https:\/\/migracao.redenoticia.com.br\/noticia\/imagens\/o-setimo-guardiao-111-297x300.jpg 297w, https:\/\/migracao.redenoticia.com.br\/noticia\/imagens\/o-setimo-guardiao-111-185x187.jpg 185w, https:\/\/migracao.redenoticia.com.br\/noticia\/imagens\/o-setimo-guardiao-111.jpg 600w\" sizes=\"auto, (max-width: 297px) 100vw, 297px\" \/><\/em><\/strong><\/p>\n<p><strong><em>Novela &#8220;O S\u00e9timo Guardi\u00e3o\u201d:<\/em><\/strong> Aguinaldo Silva definiu o final da novela &#8220;O S\u00e9timo Guardi\u00e3o&#8221;: um dos dois protagonistas, Gabriel (Bruno Gagliasso) ou J\u00fanior (Jos\u00e9 Loreto), morrer\u00e1 por Luz (Marina Ruy Barbosa): &#8220;Sei que um deles vai morrer para salvar da morte Luz e o outro. \u00c9 a chamada &#8216;morte heroica&#8217;. Gabriel ou J\u00fanior? Realmente n\u00e3o sei. O que sei \u00e9 que nas redes sociais tem muita gente achando que a Luz deve acabar sozinha&#8221;, admitiu Silva em entrevista \u00e0 colunista Patricia Kogut.<\/p>\n<p>Gabriel estraga os planos de Olavo (Tony Ramos) e consegue salvar a fonte, mas o empres\u00e1rio encontra outra fonte de um l\u00edquido t\u00e3o precioso quanto a \u00e1gua protegida pela irmandade. Al\u00e9m da fonte da juventude, existe uma caverna ainda mais profunda: &#8220;Numa caverna ainda n\u00e3o descoberta debaixo do casar\u00e3o, algu\u00e9m vai achar um tesouro arqueol\u00f3gico. O que comprovar\u00e1 que existiu uma civiliza\u00e7\u00e3o no Brasil bem anterior \u00e0s pessoas que hoje conhecemos como \u00edndios. Del\u00edrio de ficcionista? N\u00e3o, na vida real j\u00e1 h\u00e1 provas bastante documentadas disso&#8221;, disse Aguinaldo. Ele revelou que padre Ramiro (Ailton Gra\u00e7a) sobrevive ao serial killer.<\/p>\n<p>Sinopse \u201cO S\u00e9timo Guardi\u00e3o\u201d: \u00c0 primeira vista, Serro Azul pode parecer apenas mais uma t\u00edpica cidade do interior, pacata e cercada por montanhas, onde avan\u00e7os tecnol\u00f3gicos como internet e telefonia celular ainda n\u00e3o chegaram. Um lugar pelo qual quem passa n\u00e3o d\u00e1 muita aten\u00e7\u00e3o, sem saber o que est\u00e1 perdendo, afinal, uma cidade que \u00e9 vizinha de Greenville e Tubiancanga n\u00e3o poderia deixar de ter suas peculiaridades.<\/p>\n<p>A principal delas \u00e9 uma fonte com propriedades curativas e rejuvenescedoras, que \u00e9 a parte mais externa de um gigantesco aqu\u00edfero, uma enorme reserva daquilo que a cada dia se torna o bem mais precioso da Terra: a \u00e1gua. Essa fonte \u00e9 protegida por sete guardi\u00e3es que t\u00eam como miss\u00e3o garantir que essa riqueza n\u00e3o chegue \u00e0s m\u00e3os erradas.<\/p>\n","protected":false},"excerpt":{"rendered":"<p>Novela &#8220;O S\u00e9timo Guardi\u00e3o\u201d: Aguinaldo Silva definiu o final da novela &#8220;O S\u00e9timo Guardi\u00e3o&#8221;: um dos dois protagonistas, Gabriel (Bruno Gagliasso) ou J\u00fanior (Jos\u00e9 Loreto), morrer\u00e1 por Luz (Marina Ruy Barbosa): &#8220;Sei que um deles vai morrer para salvar da morte Luz e o outro. \u00c9 a chamada &#8216;morte heroica&#8217;. Gabriel ou J\u00fanior? Realmente n\u00e3o [&hellip;]<\/p>\n","protected":false},"author":2,"featured_media":154961,"comment_status":"open","ping_status":"closed","sticky":false,"template":"","format":"standard","meta":{"tdm_status":"","tdm_grid_status":"","footnotes":""},"categories":[379,530,375,343],"tags":[440],"class_list":{"0":"post-175413","1":"post","2":"type-post","3":"status-publish","4":"format-standard","5":"has-post-thumbnail","7":"category-novelas","8":"category-o-setimo-guardiao","9":"category-rede-globo","10":"category-televisao","11":"tag-noticia-novela"},"_links":{"self":[{"href":"https:\/\/migracao.redenoticia.com.br\/noticia\/wp-json\/wp\/v2\/posts\/175413","targetHints":{"allow":["GET"]}}],"collection":[{"href":"https:\/\/migracao.redenoticia.com.br\/noticia\/wp-json\/wp\/v2\/posts"}],"about":[{"href":"https:\/\/migracao.redenoticia.com.br\/noticia\/wp-json\/wp\/v2\/types\/post"}],"author":[{"embeddable":true,"href":"https:\/\/migracao.redenoticia.com.br\/noticia\/wp-json\/wp\/v2\/users\/2"}],"replies":[{"embeddable":true,"href":"https:\/\/migracao.redenoticia.com.br\/noticia\/wp-json\/wp\/v2\/comments?post=175413"}],"version-history":[{"count":0,"href":"https:\/\/migracao.redenoticia.com.br\/noticia\/wp-json\/wp\/v2\/posts\/175413\/revisions"}],"wp:featuredmedia":[{"embeddable":true,"href":"https:\/\/migracao.redenoticia.com.br\/noticia\/wp-json\/wp\/v2\/media\/154961"}],"wp:attachment":[{"href":"https:\/\/migracao.redenoticia.com.br\/noticia\/wp-json\/wp\/v2\/media?parent=175413"}],"wp:term":[{"taxonomy":"category","embeddable":true,"href":"https:\/\/migracao.redenoticia.com.br\/noticia\/wp-json\/wp\/v2\/categories?post=175413"},{"taxonomy":"post_tag","embeddable":true,"href":"https:\/\/migracao.redenoticia.com.br\/noticia\/wp-json\/wp\/v2\/tags?post=175413"}],"curies":[{"name":"wp","href":"https:\/\/api.w.org\/{rel}","templated":true}]}}