{"id":175449,"date":"2019-04-30T15:45:34","date_gmt":"2019-04-30T18:45:34","guid":{"rendered":"https:\/\/www.redenoticia.com.br\/noticia\/?p=175449"},"modified":"2019-05-09T19:01:18","modified_gmt":"2019-05-09T22:01:18","slug":"resumo-novela-cordel-encantado-01-05-candida-percebe-que-o-mapa-do-tesouro-sumiu","status":"publish","type":"post","link":"https:\/\/migracao.redenoticia.com.br\/noticia\/2019\/resumo-novela-cordel-encantado-01-05-candida-percebe-que-o-mapa-do-tesouro-sumiu\/175449","title":{"rendered":"Resumo novela \u201cCordel Encantado\u201d 01\/05: C\u00e2ndida percebe que o mapa do tesouro sumiu"},"content":{"rendered":"<p><img loading=\"lazy\" decoding=\"async\" class=\"aligncenter size-large wp-image-165214\" src=\"https:\/\/migracao.redenoticia.com.br\/noticia\/imagens\/cordel-004-319x300.jpg\" alt=\"\" width=\"319\" height=\"300\" srcset=\"https:\/\/migracao.redenoticia.com.br\/noticia\/imagens\/cordel-004-319x300.jpg 319w, https:\/\/migracao.redenoticia.com.br\/noticia\/imagens\/cordel-004-199x187.jpg 199w, https:\/\/migracao.redenoticia.com.br\/noticia\/imagens\/cordel-004-150x141.jpg 150w, https:\/\/migracao.redenoticia.com.br\/noticia\/imagens\/cordel-004.jpg 669w, https:\/\/migracao.redenoticia.com.br\/noticia\/imagens\/cordel-004-560x527.jpg 560w\" sizes=\"auto, (max-width: 319px) 100vw, 319px\" \/><strong><em>Resumo novela \u201cCordel Encantado\u201d 01\/05 <\/em><\/strong>: no cap\u00edtulo 076(*) da novela, resumo de quarta-feira, 01 de maio, Tim\u00f3teo sai do forr\u00f3 disfar\u00e7ado. Baldini vigia o pal\u00e1cio. Dora e Felipe se casam. A festa no forr\u00f3 de Florinda continua animada. Herculano n\u00e3o vai ao forr\u00f3. \u00darsula enfeiti\u00e7a Herculano. Tim\u00f3teo observa Jesu\u00edno e A\u00e7ucena. Migu\u00e9zim tem uma vis\u00e3o com Tim\u00f3teo. Tim\u00f3teo vai atr\u00e1s de A\u00e7ucena. Petrus pergunta se Florinda ficar\u00e1 com ele. Lilica trai Tom\u00e1s ao beijar Tibungo. Neusa descobre que est\u00e1 gr\u00e1vida.<\/p>\n<p>Tim\u00f3teo espiona A\u00e7ucena e Jesu\u00edno. Tim\u00f3teo se aproxima de A\u00e7ucena. Vicentina tranca Bartira no quarto. \u00darsula enfeiti\u00e7a C\u00e2ndida. Felipe e Dora trocam juras de amor. Tim\u00f3teo agarra A\u00e7ucena. Bartira vai atr\u00e1s de Farid. Florinda decide ficar em Brogod\u00f3. Farid rejeita Vicentina. Fil\u00f3 descobre a aposta de Silv\u00e9rio. Helena aceita se casar com Bator\u00e9. C\u00e2ndida percebe que o mapa do tesouro sumiu. Tim\u00f3teo amarra A\u00e7ucena.<\/p>\n<p>(*) edi\u00e7\u00e3o da Rede Globo, Novela \u201cCordel Encantado\u201d, sujeito a altera\u00e7\u00e3o de data e conte\u00fado.<\/p>\n<p>Sinopse \u201cCordel Encantado\u201d: Vendo o marido muito ferido, depois de mais uma terr\u00edvel batalha, a rainha Helena (Mariana Lima) vai ao castelo inimigo amaldi\u00e7oar toda a fam\u00edlia do rei Augusto. Faz isso gr\u00e1vida de In\u00e1cio (Maur\u00edcio Destri) e acompanhada de seu filho mais velho, Felipe (Jayme Matarazzo). O monarca se comove com a dor de Helena e, por sugest\u00e3o de Cristina, prop\u00f5e um acordo a Teobaldo, ferido mortalmente: seus primog\u00eanitos Aurora e Felipe devem se casar quando atingirem a maior idade, unificando e trazendo paz aos dois estados. Teobaldo aceita o acordo e morre logo depois. As duas crian\u00e7as s\u00e3o apresentadas publicamente como os futuros reis de Ser\u00e1fia.<\/p>\n<p>Seguindo a interpreta\u00e7\u00e3o on\u00edrica feita por Amadeus, uma longa viagem come\u00e7a a ser planejada. Zen\u00f3bio Alfredo (Guilherme Fontes), bot\u00e2nico de Ser\u00e1fia do Norte, que estava no Brasil envolvido com pesquisas cient\u00edficas, traz ao rei not\u00edcias de um tesouro, escondido em terras tropicais pelo fundador do reino, Dom Serafim. O bot\u00e2nico sugere que o rei financie uma expedi\u00e7\u00e3o a Brogod\u00f3, e Augusto, amante das ci\u00eancias e das aventuras, n\u00e3o s\u00f3 concorda com a ideia como faz quest\u00e3o de liderar a empreitada. O rei s\u00f3 n\u00e3o contava que sua esposa, a rainha Cristina, resolveria acompanh\u00e1-lo, levando consigo a pequena Aurora.<\/p>\n","protected":false},"excerpt":{"rendered":"<p>Resumo novela \u201cCordel Encantado\u201d 01\/05 : no cap\u00edtulo 076(*) da novela, resumo de quarta-feira, 01 de maio, Tim\u00f3teo sai do forr\u00f3 disfar\u00e7ado. Baldini vigia o pal\u00e1cio. Dora e Felipe se casam. A festa no forr\u00f3 de Florinda continua animada. Herculano n\u00e3o vai ao forr\u00f3. \u00darsula enfeiti\u00e7a Herculano. Tim\u00f3teo observa Jesu\u00edno e A\u00e7ucena. Migu\u00e9zim tem uma [&hellip;]<\/p>\n","protected":false},"author":4,"featured_media":165215,"comment_status":"open","ping_status":"closed","sticky":false,"template":"","format":"standard","meta":{"tdm_status":"","tdm_grid_status":"","footnotes":""},"categories":[535,379,375,343],"tags":[441],"class_list":{"0":"post-175449","1":"post","2":"type-post","3":"status-publish","4":"format-standard","5":"has-post-thumbnail","7":"category-cordel-encantado","8":"category-novelas","9":"category-rede-globo","10":"category-televisao","11":"tag-resumo-do-dia"},"_links":{"self":[{"href":"https:\/\/migracao.redenoticia.com.br\/noticia\/wp-json\/wp\/v2\/posts\/175449","targetHints":{"allow":["GET"]}}],"collection":[{"href":"https:\/\/migracao.redenoticia.com.br\/noticia\/wp-json\/wp\/v2\/posts"}],"about":[{"href":"https:\/\/migracao.redenoticia.com.br\/noticia\/wp-json\/wp\/v2\/types\/post"}],"author":[{"embeddable":true,"href":"https:\/\/migracao.redenoticia.com.br\/noticia\/wp-json\/wp\/v2\/users\/4"}],"replies":[{"embeddable":true,"href":"https:\/\/migracao.redenoticia.com.br\/noticia\/wp-json\/wp\/v2\/comments?post=175449"}],"version-history":[{"count":0,"href":"https:\/\/migracao.redenoticia.com.br\/noticia\/wp-json\/wp\/v2\/posts\/175449\/revisions"}],"wp:featuredmedia":[{"embeddable":true,"href":"https:\/\/migracao.redenoticia.com.br\/noticia\/wp-json\/wp\/v2\/media\/165215"}],"wp:attachment":[{"href":"https:\/\/migracao.redenoticia.com.br\/noticia\/wp-json\/wp\/v2\/media?parent=175449"}],"wp:term":[{"taxonomy":"category","embeddable":true,"href":"https:\/\/migracao.redenoticia.com.br\/noticia\/wp-json\/wp\/v2\/categories?post=175449"},{"taxonomy":"post_tag","embeddable":true,"href":"https:\/\/migracao.redenoticia.com.br\/noticia\/wp-json\/wp\/v2\/tags?post=175449"}],"curies":[{"name":"wp","href":"https:\/\/api.w.org\/{rel}","templated":true}]}}