{"id":175648,"date":"2019-05-04T18:41:38","date_gmt":"2019-05-04T21:41:38","guid":{"rendered":"https:\/\/www.redenoticia.com.br\/noticia\/?p=175648"},"modified":"2019-05-04T18:41:47","modified_gmt":"2019-05-04T21:41:47","slug":"resumo-novela-a-dona-06-05-leonor-pensa-em-usar-ivana-em-seus-planos","status":"publish","type":"post","link":"https:\/\/migracao.redenoticia.com.br\/noticia\/2019\/resumo-novela-a-dona-06-05-leonor-pensa-em-usar-ivana-em-seus-planos\/175648","title":{"rendered":"Resumo novela \u201cA Dona\u201d 06\/05: Leonor pensa em usar Ivana em seus planos"},"content":{"rendered":"<p><img loading=\"lazy\" decoding=\"async\" class=\"aligncenter size-large wp-image-173633\" src=\"https:\/\/migracao.redenoticia.com.br\/noticia\/imagens\/a-dona-270x300.jpg\" alt=\"\" width=\"270\" height=\"300\" srcset=\"https:\/\/migracao.redenoticia.com.br\/noticia\/imagens\/a-dona-270x300.jpg 270w, https:\/\/migracao.redenoticia.com.br\/noticia\/imagens\/a-dona-168x187.jpg 168w, https:\/\/migracao.redenoticia.com.br\/noticia\/imagens\/a-dona.jpg 380w\" sizes=\"auto, (max-width: 270px) 100vw, 270px\" \/>Resumo da novela <strong><em>\u201cA Dona&#8221;<\/em><\/strong> em 06\/05: no cap\u00edtulo 026(*) da novela, segunda-feira, 06 de maio, Benita diz que n\u00e3o \u00e9 nada bom para sua fam\u00edlia Valentina ser conhecida no povoado como v\u00edbora. Isabel exige que Ivana diga a verdadeira raz\u00e3o da briga entre Jos\u00e9 Miguel e Rodrigo. Ela responde que o motivo foi Valentina, pois Rodrigo acredita que Jos\u00e9 Miguel quer se aproveitar dela. Isabel diz que n\u00e3o h\u00e1 como comparar Alonso e Jos\u00e9 Miguel e que acredita que Valentina jamais voltar\u00e1 a se apaixonar. Filadelfo diz a Rodrigo que ele mudou muito, e que todos dizem que hoje ele n\u00e3o passa de um c\u00e3o de guarda da Dona. Benita escuta uma conversa entre Rodrigo e Filadelfo e corre para alertar Valentina.<\/p>\n<p>Benita aconselha Valentina a despedir Rodrigo. Ela responde que n\u00e3o pode faz\u00ea-lo, pois precisa dele, mas pede que Benita diga o que ouviu. Leonor manda chamar Ivana para lhe perguntar se Jos\u00e9 Miguel a interessa. Ivana chega e sa\u00fada Leonor. Em seguida ela responde que ama Jos\u00e9, mas n\u00e3o existe um \u00fanico homem no povoado capaz de faz\u00ea-la permanecer ali por toda a vida. Leonor pensa em us\u00e1-la em seus planos de afast\u00e1-lo de Valentina. Felipe tenta se aproximar de Valentina e ela diz que ele \u00e9 um amigo de um passado que ela precisa e quer esquecer, por isso, o melhor \u00e9 que n\u00e3o sejam amigos. Benita se zanga ao ouvir Ivana falar mal de Valentina e a adverte que uma palavra mais e ela mesma lhe calar\u00e1 a boca.<\/p>\n<p>(*) edi\u00e7\u00e3o do SBT, Novela \u201cA Dona\u201d, sujeito a altera\u00e7\u00e3o de data e conte\u00fado.<\/p>\n<p>Destaques<\/p>\n<p>&#8220;A Dona&#8221; &#8211; Valentina Vila\u00e7a (Lucero) \u00e9 uma mulher que tem uma grande fortuna, que seus pais deixaram para ela quando morreram em um acidente de carro. Ela tem uma mans\u00e3o na Cidade do M\u00e9xico, onde vive com sua tia Isabel Rangel de Dorantes (Silvia Pinal), e sua prima Ivana Dorantes Rangel (Gabriela Spanic) que trata Valentina com muita indiferen\u00e7a e sente inveja dela.<\/p>\n<p>Tudo muda para Valentina quando seu noivo Alonso Penalva (David Zepeda), tramando com Ivana no dia de seu casamento, a deixa esperando no altar. A partir da\u00ed, Valentina se torna uma mulher amarga, e vai para sua fazenda, no interior. Chegando l\u00e1, ela conhece seu vizinho Jos\u00e9 Miguel Montesinos (Fernando Colunga).<\/p>\n","protected":false},"excerpt":{"rendered":"<p>Resumo da novela \u201cA Dona&#8221; em 06\/05: no cap\u00edtulo 026(*) da novela, segunda-feira, 06 de maio, Benita diz que n\u00e3o \u00e9 nada bom para sua fam\u00edlia Valentina ser conhecida no povoado como v\u00edbora. Isabel exige que Ivana diga a verdadeira raz\u00e3o da briga entre Jos\u00e9 Miguel e Rodrigo. Ela responde que o motivo foi Valentina, [&hellip;]<\/p>\n","protected":false},"author":2,"featured_media":173626,"comment_status":"open","ping_status":"closed","sticky":false,"template":"","format":"standard","meta":{"tdm_status":"","tdm_grid_status":"","footnotes":""},"categories":[379,372,343],"tags":[441],"class_list":{"0":"post-175648","1":"post","2":"type-post","3":"status-publish","4":"format-standard","5":"has-post-thumbnail","7":"category-novelas","8":"category-sbt","9":"category-televisao","10":"tag-resumo-do-dia"},"_links":{"self":[{"href":"https:\/\/migracao.redenoticia.com.br\/noticia\/wp-json\/wp\/v2\/posts\/175648","targetHints":{"allow":["GET"]}}],"collection":[{"href":"https:\/\/migracao.redenoticia.com.br\/noticia\/wp-json\/wp\/v2\/posts"}],"about":[{"href":"https:\/\/migracao.redenoticia.com.br\/noticia\/wp-json\/wp\/v2\/types\/post"}],"author":[{"embeddable":true,"href":"https:\/\/migracao.redenoticia.com.br\/noticia\/wp-json\/wp\/v2\/users\/2"}],"replies":[{"embeddable":true,"href":"https:\/\/migracao.redenoticia.com.br\/noticia\/wp-json\/wp\/v2\/comments?post=175648"}],"version-history":[{"count":0,"href":"https:\/\/migracao.redenoticia.com.br\/noticia\/wp-json\/wp\/v2\/posts\/175648\/revisions"}],"wp:featuredmedia":[{"embeddable":true,"href":"https:\/\/migracao.redenoticia.com.br\/noticia\/wp-json\/wp\/v2\/media\/173626"}],"wp:attachment":[{"href":"https:\/\/migracao.redenoticia.com.br\/noticia\/wp-json\/wp\/v2\/media?parent=175648"}],"wp:term":[{"taxonomy":"category","embeddable":true,"href":"https:\/\/migracao.redenoticia.com.br\/noticia\/wp-json\/wp\/v2\/categories?post=175648"},{"taxonomy":"post_tag","embeddable":true,"href":"https:\/\/migracao.redenoticia.com.br\/noticia\/wp-json\/wp\/v2\/tags?post=175648"}],"curies":[{"name":"wp","href":"https:\/\/api.w.org\/{rel}","templated":true}]}}