{"id":175649,"date":"2019-05-04T18:42:24","date_gmt":"2019-05-04T21:42:24","guid":{"rendered":"https:\/\/www.redenoticia.com.br\/noticia\/?p=175649"},"modified":"2019-05-04T18:42:29","modified_gmt":"2019-05-04T21:42:29","slug":"resumo-novela-a-que-nao-podia-amar-06-05-gustavo-e-rosaura-se-encontram","status":"publish","type":"post","link":"https:\/\/migracao.redenoticia.com.br\/noticia\/2019\/resumo-novela-a-que-nao-podia-amar-06-05-gustavo-e-rosaura-se-encontram\/175649","title":{"rendered":"Resumo novela \u201cA Que N\u00e3o Podia Amar\u201d 06\/05: Gustavo e Rosaura se encontram"},"content":{"rendered":"<p><strong><em><img loading=\"lazy\" decoding=\"async\" class=\"aligncenter size-large wp-image-173635\" src=\"https:\/\/migracao.redenoticia.com.br\/noticia\/imagens\/a-que-nao-podia-amar-400x271.jpg\" alt=\"\" width=\"400\" height=\"271\" srcset=\"https:\/\/migracao.redenoticia.com.br\/noticia\/imagens\/a-que-nao-podia-amar-400x271.jpg 400w, https:\/\/migracao.redenoticia.com.br\/noticia\/imagens\/a-que-nao-podia-amar-250x169.jpg 250w, https:\/\/migracao.redenoticia.com.br\/noticia\/imagens\/a-que-nao-podia-amar-560x379.jpg 560w, https:\/\/migracao.redenoticia.com.br\/noticia\/imagens\/a-que-nao-podia-amar.jpg 620w\" sizes=\"auto, (max-width: 400px) 100vw, 400px\" \/><\/em><\/strong><\/p>\n<p>Resumo da novela<strong><em> \u201cA Que N\u00e3o Podia Amar\u201d&nbsp;<\/em><\/strong> em 06\/05: no cap\u00edtulo 021(*) da novela, segunda-feira, 06 de maio,  Ana Paula se emociona ao lembrar de Gustavo. Rosaura percebe e diz \u00e0 sobrinha que se ele estivesse vivo faria de tudo para que se casassem, mas ele est\u00e1 morto e em suas m\u00e3os est\u00e1 a felicidade de seu irm\u00e3o e de sua melhor amiga, porque duvida que Miguel sobreviva se voltar para a pris\u00e3o. No hospital, Rosaura assegura a Bruno que t\u00eam a seu favor que Mercedes n\u00e3o quer falar com Ana Paula, lhe diz ainda para alertar seus homens porque Gustavo viu que um deles tinha uma cicatriz no pesco\u00e7o. Por outro lado, Ernesto diz a Mercedes que gosta de poder ajud\u00e1-la e consol\u00e1-la, nesse momento chega sua esposa e ele a apresenta. Gl\u00f3ria critica Ernesto por ter lhe ocultado que voltou a se encontrar com sua ex-noiva e que trabalham juntos. Rog\u00e9rio comunica a Ana Paula que no dia seguinte ir\u00e3o para a fazenda. Surpresa ela pergunta por que tanta pressa e ele diz que tem um compromisso. Rosaura se encontra com Gustavo e mesmo ele contando como tudo aconteceu ela afirma que sua sobrinha est\u00e1 muito decepcionada. Helena diz a Ana Paula que deveria ver seu casamento com Rog\u00e9rio como um oportunidade de ter uma vida melhor.<\/p>\n<p>Rosaura diz a Gustavo que sua sobrinha j\u00e1 encontrou um homem que a ama e a apoia e o melhor \u00e9 que a esque\u00e7a para sempre. Gustavo pergunta o que aconteceu para que Ana Paula precisasse tanto de ajuda. Rosaura conta que perderam a casa, que Miguel sofreu um acidente que quase lhe custa a vida e que agora est\u00e1 preso e volta a pedir a ele que n\u00e3o volte a procurar sua sobrinha. Miguel sofre uma crise nervosa ao saber que vai voltar para a cadeia. Dany tenta tranquiliz\u00e1-lo e diz que Ana Paula vai falar com Rog\u00e9rio. Gustavo volta para casa arrasado e diz a Mercedes que ela tinha raz\u00e3o, pois agora tem certeza que Ana Paula nunca o amou e procurou outro homem que pudesse resolver seus problemas. Marcela critica o pai por enganar sua m\u00e3e e se um dia resolver deix\u00e1-la por outra mulher jamais o perdoar\u00e1. Estev\u00e3o visita Gustavo em casa, lhe pergunta se n\u00e3o convidou sua namorada, Gustavo n\u00e3o entende e pergunta como sabe de Ana, Estev\u00e3o responde que ela foi procur\u00e1-lo no escrit\u00f3rio e estava muito angustiada. Gustavo se surpreende, enquanto Mercedes n\u00e3o sabe como reagir.<\/p>\n<p>(*) edi\u00e7\u00e3o do SBT, Novela \u201cA Que N\u00e3o Podia Amar\u201d, sujeito a altera\u00e7\u00e3o de data e conte\u00fado.<\/p>\n<p>Destaques<\/p>\n<p>&#8220;A Que N\u00e3o Podia Amar&#8221;- Ana Paula, uma enfermeira humilde que se v\u00ea obrigada a trabalhar na casa de Rog\u00e9rio Montero (Jorge Salinas), um homem amargurado. Rog\u00e9rio sofre por ser parapl\u00e9gico e destrata todas as pessoas. Ana Paula atura tudo calada e o rica\u00e7o se apaixona por ela.<\/p>\n<p>Ana conhece Gustavo Duran (Jos\u00e9 Ron), um engenheiro nobre e trabalhador. Os dois se apaixonam, mas ter\u00e3o de enfrentar Rog\u00e9rio, j\u00e1 que ele tamb\u00e9m gosta da mocinha, formando assim, um tri\u00e2ngulo amoroso com terr\u00edveis consequ\u00eancias.<\/p>\n","protected":false},"excerpt":{"rendered":"<p>Resumo da novela \u201cA Que N\u00e3o Podia Amar\u201d&nbsp; em 06\/05: no cap\u00edtulo 021(*) da novela, segunda-feira, 06 de maio, Ana Paula se emociona ao lembrar de Gustavo. Rosaura percebe e diz \u00e0 sobrinha que se ele estivesse vivo faria de tudo para que se casassem, mas ele est\u00e1 morto e em suas m\u00e3os est\u00e1 a [&hellip;]<\/p>\n","protected":false},"author":2,"featured_media":173627,"comment_status":"open","ping_status":"closed","sticky":false,"template":"","format":"standard","meta":{"tdm_status":"","tdm_grid_status":"","footnotes":""},"categories":[379,372,343],"tags":[441],"class_list":{"0":"post-175649","1":"post","2":"type-post","3":"status-publish","4":"format-standard","5":"has-post-thumbnail","7":"category-novelas","8":"category-sbt","9":"category-televisao","10":"tag-resumo-do-dia"},"_links":{"self":[{"href":"https:\/\/migracao.redenoticia.com.br\/noticia\/wp-json\/wp\/v2\/posts\/175649","targetHints":{"allow":["GET"]}}],"collection":[{"href":"https:\/\/migracao.redenoticia.com.br\/noticia\/wp-json\/wp\/v2\/posts"}],"about":[{"href":"https:\/\/migracao.redenoticia.com.br\/noticia\/wp-json\/wp\/v2\/types\/post"}],"author":[{"embeddable":true,"href":"https:\/\/migracao.redenoticia.com.br\/noticia\/wp-json\/wp\/v2\/users\/2"}],"replies":[{"embeddable":true,"href":"https:\/\/migracao.redenoticia.com.br\/noticia\/wp-json\/wp\/v2\/comments?post=175649"}],"version-history":[{"count":0,"href":"https:\/\/migracao.redenoticia.com.br\/noticia\/wp-json\/wp\/v2\/posts\/175649\/revisions"}],"wp:featuredmedia":[{"embeddable":true,"href":"https:\/\/migracao.redenoticia.com.br\/noticia\/wp-json\/wp\/v2\/media\/173627"}],"wp:attachment":[{"href":"https:\/\/migracao.redenoticia.com.br\/noticia\/wp-json\/wp\/v2\/media?parent=175649"}],"wp:term":[{"taxonomy":"category","embeddable":true,"href":"https:\/\/migracao.redenoticia.com.br\/noticia\/wp-json\/wp\/v2\/categories?post=175649"},{"taxonomy":"post_tag","embeddable":true,"href":"https:\/\/migracao.redenoticia.com.br\/noticia\/wp-json\/wp\/v2\/tags?post=175649"}],"curies":[{"name":"wp","href":"https:\/\/api.w.org\/{rel}","templated":true}]}}