{"id":1757,"date":"2009-05-18T23:55:22","date_gmt":"2009-05-19T03:55:22","guid":{"rendered":"http:\/\/www.redenoticia.com.br\/noticia\/?p=1757"},"modified":"2009-05-18T23:55:22","modified_gmt":"2009-05-19T03:55:22","slug":"social-do-rede-noticia-abracos-desta-terca-19-vao-para%e2%80%a6","status":"publish","type":"post","link":"https:\/\/migracao.redenoticia.com.br\/noticia\/2009\/social-do-rede-noticia-abracos-desta-terca-19-vao-para%e2%80%a6\/1757","title":{"rendered":"Social do Rede Not\u00edcia &#8211; Abra\u00e7os desta ter\u00e7a (19) v\u00e3o para\u2026"},"content":{"rendered":"<p><span style=\"font-family: Arial;\">&#8211; abra\u00e7o aos leitores ass\u00edduos;<\/span><\/p>\n<p><span style=\"font-family: Arial;\">&#8211; aos colaboradores do departamento legislativo da c\u00e2mara de Ji-Paran\u00e1, pela simpatia e efici\u00eancia no atendimento \u00e0 casa e \u00e0 popula\u00e7\u00e3o;<\/span><\/p>\n<p><span style=\"font-family: Arial;\">&#8211; aos 52 agentes da FUNASA que atuam incansavelmente no combate \u00e0 dengue;<\/span><\/p>\n<p><span style=\"font-family: Arial;\">&#8211; \u00e0 banda FOCADOS, sucesso.<\/span><\/p>\n<p><span style=\"font-family: Arial;\">Aproveite para mandar o seu abra\u00e7o atrav\u00e9s do campo abaixo \u201cComent\u00e1rios\u201d. <\/span><\/p>\n<p><span style=\"font-family: Arial;\">Mande que n\u00f3s publicamos.<\/span><\/p>\n","protected":false},"excerpt":{"rendered":"<p>&#8211; abra\u00e7o aos leitores ass\u00edduos; &#8211; aos colaboradores do departamento legislativo da c\u00e2mara de Ji-Paran\u00e1, pela simpatia e efici\u00eancia no atendimento \u00e0 casa e \u00e0 popula\u00e7\u00e3o; &#8211; aos 52 agentes da FUNASA que atuam incansavelmente no combate \u00e0 dengue; &#8211; \u00e0 banda FOCADOS, sucesso. Aproveite para mandar o seu abra\u00e7o atrav\u00e9s do campo abaixo \u201cComent\u00e1rios\u201d. [&hellip;]<\/p>\n","protected":false},"author":3,"featured_media":0,"comment_status":"open","ping_status":"open","sticky":false,"template":"","format":"standard","meta":{"tdm_status":"","tdm_grid_status":"","footnotes":""},"categories":[22],"tags":[],"class_list":{"0":"post-1757","1":"post","2":"type-post","3":"status-publish","4":"format-standard","6":"category-brasil"},"_links":{"self":[{"href":"https:\/\/migracao.redenoticia.com.br\/noticia\/wp-json\/wp\/v2\/posts\/1757","targetHints":{"allow":["GET"]}}],"collection":[{"href":"https:\/\/migracao.redenoticia.com.br\/noticia\/wp-json\/wp\/v2\/posts"}],"about":[{"href":"https:\/\/migracao.redenoticia.com.br\/noticia\/wp-json\/wp\/v2\/types\/post"}],"author":[{"embeddable":true,"href":"https:\/\/migracao.redenoticia.com.br\/noticia\/wp-json\/wp\/v2\/users\/3"}],"replies":[{"embeddable":true,"href":"https:\/\/migracao.redenoticia.com.br\/noticia\/wp-json\/wp\/v2\/comments?post=1757"}],"version-history":[{"count":0,"href":"https:\/\/migracao.redenoticia.com.br\/noticia\/wp-json\/wp\/v2\/posts\/1757\/revisions"}],"wp:attachment":[{"href":"https:\/\/migracao.redenoticia.com.br\/noticia\/wp-json\/wp\/v2\/media?parent=1757"}],"wp:term":[{"taxonomy":"category","embeddable":true,"href":"https:\/\/migracao.redenoticia.com.br\/noticia\/wp-json\/wp\/v2\/categories?post=1757"},{"taxonomy":"post_tag","embeddable":true,"href":"https:\/\/migracao.redenoticia.com.br\/noticia\/wp-json\/wp\/v2\/tags?post=1757"}],"curies":[{"name":"wp","href":"https:\/\/api.w.org\/{rel}","templated":true}]}}