{"id":175911,"date":"2019-05-16T21:46:15","date_gmt":"2019-05-17T00:46:15","guid":{"rendered":"https:\/\/www.redenoticia.com.br\/noticia\/?p=175911"},"modified":"2019-05-16T21:48:43","modified_gmt":"2019-05-17T00:48:43","slug":"novela-o-setimo-guardiao-valentina-mata-olavo-e-explora-a-fonte","status":"publish","type":"post","link":"https:\/\/migracao.redenoticia.com.br\/noticia\/2019\/novela-o-setimo-guardiao-valentina-mata-olavo-e-explora-a-fonte\/175911","title":{"rendered":"Novela \u201cO S\u00e9timo Guardi\u00e3o\u201d: Valentina mata Olavo e explora a fonte"},"content":{"rendered":"<p><strong><em><img loading=\"lazy\" decoding=\"async\" class=\"aligncenter size-large wp-image-154957\" src=\"https:\/\/migracao.redenoticia.com.br\/noticia\/imagens\/o-setimo-guardiao-114-302x300.jpg\" alt=\"\" width=\"302\" height=\"300\" srcset=\"https:\/\/migracao.redenoticia.com.br\/noticia\/imagens\/o-setimo-guardiao-114-302x300.jpg 302w, https:\/\/migracao.redenoticia.com.br\/noticia\/imagens\/o-setimo-guardiao-114-188x187.jpg 188w, https:\/\/migracao.redenoticia.com.br\/noticia\/imagens\/o-setimo-guardiao-114-150x150.jpg 150w, https:\/\/migracao.redenoticia.com.br\/noticia\/imagens\/o-setimo-guardiao-114-634x630.jpg 634w, https:\/\/migracao.redenoticia.com.br\/noticia\/imagens\/o-setimo-guardiao-114.jpg 658w\" sizes=\"auto, (max-width: 302px) 100vw, 302px\" \/><\/em><\/strong><\/p>\n<p><strong><em>Novela &#8220;O S\u00e9timo Guardi\u00e3o\u201d:<\/em><\/strong> Olavo (Tony Ramos) insiste em invadir o casar\u00e3o com escavadeiras para alcan\u00e7ar o aqu\u00edfero e Valentina (Lilia Cabral) atira no peito do vil\u00e3o. Laura (Yanna Lavigne) d\u00e1 um tiro para acertar Luz (Marina Ruy Barbosa), Gabriel (Bruno Gagliasso) pula na frente da ruiva e morre. Luz se despede do noivo e decide estudar arqueologia bem longe de Serro Azul.<\/p>\n<p>Ap\u00f3s sete anos, Valentina doa o Casar\u00e3o para proteger o tesouro arqueol\u00f3gico encontrado por Feij\u00e3o (Cau\u00ea Campos): &#8220;E assim, depois de algum atraso por conta de entraves burocr\u00e1ticos, na presen\u00e7a do prefeito Eurico J\u00fanior [Jos\u00e9 Loreto], declaro inaugurada a Funda\u00e7\u00e3o Gabriel Marsalla, que funcionar\u00e1 neste casar\u00e3o por mim doado. Sob a dire\u00e7\u00e3o da arque\u00f3loga Luz Vidal, a funda\u00e7\u00e3o vai cuidar da preserva\u00e7\u00e3o do tesouro arqueol\u00f3gico encontrado l\u00e1 embaixo&#8221;.<\/p>\n<p>Marilda (Let\u00edcia Spiller) desconfia: &#8220;Foi tudo muito lindo, mas sei que a doa\u00e7\u00e3o n\u00e3o foi de gra\u00e7a! Voc\u00ea d\u00e1 o casar\u00e3o, eles te d\u00e3o um estoque anual da \u00e1gua. E eu quero minha parte!&#8221; Marcos Paulo (Nany People) mostra que est\u00e1 junto com Valentina no neg\u00f3cio: &#8220;Ainda bem que eu tinha escondido as f\u00f3rmulas!&#8221;. &#8220;Vamos aumentar a produ\u00e7\u00e3o dos cremes todos&#8221;, informar\u00e1 Valentina. Cena prevista para dia 17 na novela \u201cO S\u00e9timo Guardi\u00e3o\u201d.<\/p>\n<p>Sinopse \u201cO S\u00e9timo Guardi\u00e3o\u201d: \u00c0 primeira vista, Serro Azul pode parecer apenas mais uma t\u00edpica cidade do interior, pacata e cercada por montanhas, onde avan\u00e7os tecnol\u00f3gicos como internet e telefonia celular ainda n\u00e3o chegaram. Um lugar pelo qual quem passa n\u00e3o d\u00e1 muita aten\u00e7\u00e3o, sem saber o que est\u00e1 perdendo, afinal, uma cidade que \u00e9 vizinha de Greenville e Tubiancanga n\u00e3o poderia deixar de ter suas peculiaridades.<\/p>\n<p>A principal delas \u00e9 uma fonte com propriedades curativas e rejuvenescedoras, que \u00e9 a parte mais externa de um gigantesco aqu\u00edfero, uma enorme reserva daquilo que a cada dia se torna o bem mais precioso da Terra: a \u00e1gua. Essa fonte \u00e9 protegida por sete guardi\u00e3es que t\u00eam como miss\u00e3o garantir que essa riqueza n\u00e3o chegue \u00e0s m\u00e3os erradas.<\/p>\n","protected":false},"excerpt":{"rendered":"<p>Novela &#8220;O S\u00e9timo Guardi\u00e3o\u201d: Olavo (Tony Ramos) insiste em invadir o casar\u00e3o com escavadeiras para alcan\u00e7ar o aqu\u00edfero e Valentina (Lilia Cabral) atira no peito do vil\u00e3o. Laura (Yanna Lavigne) d\u00e1 um tiro para acertar Luz (Marina Ruy Barbosa), Gabriel (Bruno Gagliasso) pula na frente da ruiva e morre. Luz se despede do noivo e [&hellip;]<\/p>\n","protected":false},"author":2,"featured_media":159066,"comment_status":"open","ping_status":"closed","sticky":false,"template":"","format":"standard","meta":{"tdm_status":"","tdm_grid_status":"","footnotes":""},"categories":[379,530,375,343],"tags":[440],"class_list":{"0":"post-175911","1":"post","2":"type-post","3":"status-publish","4":"format-standard","5":"has-post-thumbnail","7":"category-novelas","8":"category-o-setimo-guardiao","9":"category-rede-globo","10":"category-televisao","11":"tag-noticia-novela"},"_links":{"self":[{"href":"https:\/\/migracao.redenoticia.com.br\/noticia\/wp-json\/wp\/v2\/posts\/175911","targetHints":{"allow":["GET"]}}],"collection":[{"href":"https:\/\/migracao.redenoticia.com.br\/noticia\/wp-json\/wp\/v2\/posts"}],"about":[{"href":"https:\/\/migracao.redenoticia.com.br\/noticia\/wp-json\/wp\/v2\/types\/post"}],"author":[{"embeddable":true,"href":"https:\/\/migracao.redenoticia.com.br\/noticia\/wp-json\/wp\/v2\/users\/2"}],"replies":[{"embeddable":true,"href":"https:\/\/migracao.redenoticia.com.br\/noticia\/wp-json\/wp\/v2\/comments?post=175911"}],"version-history":[{"count":0,"href":"https:\/\/migracao.redenoticia.com.br\/noticia\/wp-json\/wp\/v2\/posts\/175911\/revisions"}],"wp:featuredmedia":[{"embeddable":true,"href":"https:\/\/migracao.redenoticia.com.br\/noticia\/wp-json\/wp\/v2\/media\/159066"}],"wp:attachment":[{"href":"https:\/\/migracao.redenoticia.com.br\/noticia\/wp-json\/wp\/v2\/media?parent=175911"}],"wp:term":[{"taxonomy":"category","embeddable":true,"href":"https:\/\/migracao.redenoticia.com.br\/noticia\/wp-json\/wp\/v2\/categories?post=175911"},{"taxonomy":"post_tag","embeddable":true,"href":"https:\/\/migracao.redenoticia.com.br\/noticia\/wp-json\/wp\/v2\/tags?post=175911"}],"curies":[{"name":"wp","href":"https:\/\/api.w.org\/{rel}","templated":true}]}}