{"id":175913,"date":"2019-05-22T21:28:05","date_gmt":"2019-05-23T00:28:05","guid":{"rendered":"https:\/\/www.redenoticia.com.br\/noticia\/?p=175913"},"modified":"2019-05-22T21:34:44","modified_gmt":"2019-05-23T00:34:44","slug":"novela-orfaos-da-terra-dalila-engana-jamil-e-laila","status":"publish","type":"post","link":"https:\/\/migracao.redenoticia.com.br\/noticia\/2019\/novela-orfaos-da-terra-dalila-engana-jamil-e-laila\/175913","title":{"rendered":"Novela \u201c\u00d3rf\u00e3os da Terra\u201d: Dalila engana Jamil e Laila"},"content":{"rendered":"<p><strong><em><img loading=\"lazy\" decoding=\"async\" class=\"aligncenter size-large wp-image-173642\" src=\"https:\/\/migracao.redenoticia.com.br\/noticia\/imagens\/orfaos-da-terra-02-400x255.jpg\" alt=\"\" width=\"400\" height=\"255\" srcset=\"https:\/\/migracao.redenoticia.com.br\/noticia\/imagens\/orfaos-da-terra-02-400x255.jpg 400w, https:\/\/migracao.redenoticia.com.br\/noticia\/imagens\/orfaos-da-terra-02-250x160.jpg 250w, https:\/\/migracao.redenoticia.com.br\/noticia\/imagens\/orfaos-da-terra-02-560x357.jpg 560w, https:\/\/migracao.redenoticia.com.br\/noticia\/imagens\/orfaos-da-terra-02.jpg 600w\" sizes=\"auto, (max-width: 400px) 100vw, 400px\" \/><\/em><\/strong><\/p>\n<p><strong><em>Novela \u201c\u00d3rf\u00e3os da Terra\u201d:<\/em><\/strong> Jamil (Renato G\u00f3es) n\u00e3o conhece o rosto de Dalila (Alice Wegmann), mas j\u00e1 ouviu a voz da vil\u00e3 em duas ocasi\u00f5es: quando Aziz (Herson Capri) prometeu casar o afilhado com sua filha, que apareceu de v\u00e9u, e quando ligou para avisar da morte do sheik. Dalila desembarca no Brasil com nome falso, Basma Bakri, e se apresenta como se fosse uma empres\u00e1ria interessada em fazer uma doa\u00e7\u00e3o no centro de refugiados.<\/p>\n<p>O padre Zoran (Angelo Coimbra) n\u00e3o desconfia de nada, comemora o interesse da falsa empres\u00e1ria e apresenta Dalila para o casal Jamil e Laila (Julia Dalavia).<\/p>\n<p>Quando estiver a s\u00f3s com o marido, Laila comenta que achou a rea\u00e7\u00e3o dele estranha diante da falsa empres\u00e1ria e Jamil explica: &#8220;N\u00e3o sei, Laila. Mas parece que conhe\u00e7o essa Basma de algum lugar&#8230; mas n\u00e3o consigo me lembrar de onde.. Tem alguma coisa de familiar nos olhos dela, na voz&#8230; \u00c9, vai ver estou confundindo mesmo&#8221;.<\/p>\n<p>Jamil comenta com Zuleika (Emanuelle Ara\u00fajo) e a prima de Laila usa o computador. Ao fazer uma busca pelo nome falso de Dalila aparece fotos dela em sua suposta casa na S\u00edria e em uma falsa empresa. Jamil passa a acreditar na farsa. Cena prevista para dia 18 na novela \u201c\u00d3rf\u00e3os da Terra\u201d.<\/p>\n<p>Novela \u201c\u00d3rf\u00e3os da Terra\u201d &#8211; A hist\u00f3ria se inicia na S\u00edria, onde Missade (Ana Cec\u00edlia Costa) e Elias (Marco Ricca) vivem com seus filhos Laila (Julia Dalavia) e Khaled (Rodrigo Vidal) at\u00e9 serem v\u00edtimas da guerra e terem que se refugiar no L\u00edbano. Com o irm\u00e3o gravemente ferido e a fam\u00edlia presa num campo de concentra\u00e7\u00e3o, Laila aceita se casar com o sheik Aziz (Herson Capri) \u2013 um homem cruel e muito mais velho \u2013 em troca de dinheiro para pagar o tratamento m\u00e9dico.<\/p>\n<p>Por\u00e9m, o menino falece e a mo\u00e7a decide fugir para o Brasil com seus pais na noite de n\u00fapcias, antes do casamento ser consumado, indo morar com seus tios, R\u00e2nia (Eliane Giardini) e Miguel (Paulo Betti). Irritado, o sheik manda Jammil (Renato G\u00f3es), seu bra\u00e7o-direito e noivo de sua filha, Dalila (Alice Wegmann), buscar a mo\u00e7a e traz\u00ea-la a for\u00e7a, por\u00e9m os dois acabam se apaixonando e se tornam fugitivos da fam\u00edlia Abdallah.<\/p>\n","protected":false},"excerpt":{"rendered":"<p>Novela \u201c\u00d3rf\u00e3os da Terra\u201d: Jamil (Renato G\u00f3es) n\u00e3o conhece o rosto de Dalila (Alice Wegmann), mas j\u00e1 ouviu a voz da vil\u00e3 em duas ocasi\u00f5es: quando Aziz (Herson Capri) prometeu casar o afilhado com sua filha, que apareceu de v\u00e9u, e quando ligou para avisar da morte do sheik. Dalila desembarca no Brasil com nome [&hellip;]<\/p>\n","protected":false},"author":2,"featured_media":174195,"comment_status":"open","ping_status":"closed","sticky":false,"template":"","format":"standard","meta":{"tdm_status":"","tdm_grid_status":"","footnotes":""},"categories":[388,379,540,375,343],"tags":[440],"class_list":{"0":"post-175913","1":"post","2":"type-post","3":"status-publish","4":"format-standard","5":"has-post-thumbnail","7":"category-destaques","8":"category-novelas","9":"category-orfaos-da-terra","10":"category-rede-globo","11":"category-televisao","12":"tag-noticia-novela"},"_links":{"self":[{"href":"https:\/\/migracao.redenoticia.com.br\/noticia\/wp-json\/wp\/v2\/posts\/175913","targetHints":{"allow":["GET"]}}],"collection":[{"href":"https:\/\/migracao.redenoticia.com.br\/noticia\/wp-json\/wp\/v2\/posts"}],"about":[{"href":"https:\/\/migracao.redenoticia.com.br\/noticia\/wp-json\/wp\/v2\/types\/post"}],"author":[{"embeddable":true,"href":"https:\/\/migracao.redenoticia.com.br\/noticia\/wp-json\/wp\/v2\/users\/2"}],"replies":[{"embeddable":true,"href":"https:\/\/migracao.redenoticia.com.br\/noticia\/wp-json\/wp\/v2\/comments?post=175913"}],"version-history":[{"count":0,"href":"https:\/\/migracao.redenoticia.com.br\/noticia\/wp-json\/wp\/v2\/posts\/175913\/revisions"}],"wp:featuredmedia":[{"embeddable":true,"href":"https:\/\/migracao.redenoticia.com.br\/noticia\/wp-json\/wp\/v2\/media\/174195"}],"wp:attachment":[{"href":"https:\/\/migracao.redenoticia.com.br\/noticia\/wp-json\/wp\/v2\/media?parent=175913"}],"wp:term":[{"taxonomy":"category","embeddable":true,"href":"https:\/\/migracao.redenoticia.com.br\/noticia\/wp-json\/wp\/v2\/categories?post=175913"},{"taxonomy":"post_tag","embeddable":true,"href":"https:\/\/migracao.redenoticia.com.br\/noticia\/wp-json\/wp\/v2\/tags?post=175913"}],"curies":[{"name":"wp","href":"https:\/\/api.w.org\/{rel}","templated":true}]}}