{"id":175978,"date":"2019-05-11T18:09:21","date_gmt":"2019-05-11T21:09:21","guid":{"rendered":"https:\/\/www.redenoticia.com.br\/noticia\/?p=175978"},"modified":"2019-05-11T18:09:28","modified_gmt":"2019-05-11T21:09:28","slug":"resumo-novela-a-dona-13-05-valentina-e-jose-miguel-se-refugiam-em-uma-cabana","status":"publish","type":"post","link":"https:\/\/migracao.redenoticia.com.br\/noticia\/2019\/resumo-novela-a-dona-13-05-valentina-e-jose-miguel-se-refugiam-em-uma-cabana\/175978","title":{"rendered":"Resumo novela \u201cA Dona\u201d 13\/05: Valentina e Jos\u00e9 Miguel se refugiam em uma cabana"},"content":{"rendered":"<p><img loading=\"lazy\" decoding=\"async\" class=\"aligncenter size-large wp-image-173633\" src=\"https:\/\/migracao.redenoticia.com.br\/noticia\/imagens\/a-dona-270x300.jpg\" alt=\"\" width=\"270\" height=\"300\" srcset=\"https:\/\/migracao.redenoticia.com.br\/noticia\/imagens\/a-dona-270x300.jpg 270w, https:\/\/migracao.redenoticia.com.br\/noticia\/imagens\/a-dona-168x187.jpg 168w, https:\/\/migracao.redenoticia.com.br\/noticia\/imagens\/a-dona.jpg 380w\" sizes=\"auto, (max-width: 270px) 100vw, 270px\" \/>Resumo da novela <strong><em>\u201cA Dona&#8221;<\/em><\/strong> em 13\/05: no cap\u00edtulo 031(*) da novela, segunda-feira, 13 de maio, Isabel diz a Valentina que est\u00e1 confusa e que vai pensar na proposta de Ernesto. Ivana chega a fazenda Montesinos e, muito alegre, vai cumprimentar Leonor. Depois, v\u00ea Jesus e tenta beij\u00e1-lo, mas o menino se esquiva. Leonor diz a Ivana que percebeu que Jos\u00e9 Miguel a tratou com muita frieza. Ivana responde que acredita n\u00e3o representar nada para Jos\u00e9. Valentina sai para passear a cavalo e Rodrigo se oferece para acompanh\u00e1-la, pois Jos\u00e9 Miguel poderia incomod\u00e1-la e uma mulher apaixonada \u00e9 capaz de fazer muitas bobagens. Valentina se zanga e diz que se Jos\u00e9 Miguel pretende ou quer algo com ela, n\u00e3o \u00e9 assunto dele. Enriqueta diz a Sandra que Mois\u00e9s est\u00e1 pensando seriamente em mand\u00e1-la para fora do pa\u00eds.<\/p>\n<p>Ela responde que n\u00e3o havia pensando nisso, mas que n\u00e3o deixa de ser uma boa id\u00e9ia, pois s\u00f3 assim ser\u00e1 capaz de esquecer Hor\u00e1cio. Rodrigo diz a Filadelfo que est\u00e1 preocupado com Valentina, pois ela est\u00e1 demorando a voltar. Filadelfo responde que acredita que a patroa saiba se cuidar muito bem. Rodrigo diz que teve um mal pressentimento em rela\u00e7\u00e3o a Valentina. Valentina e Jos\u00e9 Miguel s\u00e3o surpreendidos por uma forte chuva e se refugiam em uma cabana. Jos\u00e9 Miguel diz a Valentina que vai a essa cabana desde que era crian\u00e7a. Valentina percebe que Jos\u00e9 Miguel est\u00e1 sangrando e se oferece para ajud\u00e1-lo. Jos\u00e9 Miguel tira a camisa para estancar o sangue e, num impasse de Valentina, eles se beijam. Valentina diz a Benita que tem medo de se apaixonar por Jos\u00e9 Miguel porque n\u00e3o seria capaz de se reerguer uma vez mais.<\/p>\n<p>Outro motivo pela n\u00e3o permiss\u00e3o desse sentimento \u00e9 que Ivana est\u00e1 apaixonada por ele. Benita recomenda que Valentina deveria antes tentar saber os sentimentos de Jos\u00e9. Benita pergunta a Ivana se o boato que corre o povoado de que ela e Jos\u00e9 Miguel s\u00e3o namorados \u00e9 verdade. Ivana responde que \u00e9 apenas um rumor, mas que Jos\u00e9 Miguel a fascina e um dia ela conseguir\u00e1 conquist\u00e1-lo. Valentina rapidamente o rejeita e diz que isso n\u00e3o pode ocorrer entre eles. Leonor diz a Jos\u00e9 Miguel que Ivana a ajudou a decorar seu quarto. R\u00edspido, ele diz que gostou muito da decora\u00e7\u00e3o, mas que agora deseja ficar sozinho. Valentina, chorando, diz a Benita que tem medo de se apaixonar por Jos\u00e9 Miguel.<\/p>\n<p>(*) edi\u00e7\u00e3o do SBT, Novela \u201cA Dona\u201d, sujeito a altera\u00e7\u00e3o de data e conte\u00fado.<\/p>\n<p>Destaques<\/p>\n<p>&#8220;A Dona&#8221; &#8211; Valentina Vila\u00e7a (Lucero) \u00e9 uma mulher que tem uma grande fortuna, que seus pais deixaram para ela quando morreram em um acidente de carro. Ela tem uma mans\u00e3o na Cidade do M\u00e9xico, onde vive com sua tia Isabel Rangel de Dorantes (Silvia Pinal), e sua prima Ivana Dorantes Rangel (Gabriela Spanic) que trata Valentina com muita indiferen\u00e7a e sente inveja dela.<\/p>\n<p>Tudo muda para Valentina quando seu noivo Alonso Penalva (David Zepeda), tramando com Ivana no dia de seu casamento, a deixa esperando no altar. A partir da\u00ed, Valentina se torna uma mulher amarga, e vai para sua fazenda, no interior. Chegando l\u00e1, ela conhece seu vizinho Jos\u00e9 Miguel Montesinos (Fernando Colunga).<\/p>\n","protected":false},"excerpt":{"rendered":"<p>Resumo da novela \u201cA Dona&#8221; em 13\/05: no cap\u00edtulo 031(*) da novela, segunda-feira, 13 de maio, Isabel diz a Valentina que est\u00e1 confusa e que vai pensar na proposta de Ernesto. Ivana chega a fazenda Montesinos e, muito alegre, vai cumprimentar Leonor. Depois, v\u00ea Jesus e tenta beij\u00e1-lo, mas o menino se esquiva. Leonor diz [&hellip;]<\/p>\n","protected":false},"author":2,"featured_media":173626,"comment_status":"open","ping_status":"closed","sticky":false,"template":"","format":"standard","meta":{"tdm_status":"","tdm_grid_status":"","footnotes":""},"categories":[379,372,343],"tags":[441],"class_list":{"0":"post-175978","1":"post","2":"type-post","3":"status-publish","4":"format-standard","5":"has-post-thumbnail","7":"category-novelas","8":"category-sbt","9":"category-televisao","10":"tag-resumo-do-dia"},"_links":{"self":[{"href":"https:\/\/migracao.redenoticia.com.br\/noticia\/wp-json\/wp\/v2\/posts\/175978","targetHints":{"allow":["GET"]}}],"collection":[{"href":"https:\/\/migracao.redenoticia.com.br\/noticia\/wp-json\/wp\/v2\/posts"}],"about":[{"href":"https:\/\/migracao.redenoticia.com.br\/noticia\/wp-json\/wp\/v2\/types\/post"}],"author":[{"embeddable":true,"href":"https:\/\/migracao.redenoticia.com.br\/noticia\/wp-json\/wp\/v2\/users\/2"}],"replies":[{"embeddable":true,"href":"https:\/\/migracao.redenoticia.com.br\/noticia\/wp-json\/wp\/v2\/comments?post=175978"}],"version-history":[{"count":0,"href":"https:\/\/migracao.redenoticia.com.br\/noticia\/wp-json\/wp\/v2\/posts\/175978\/revisions"}],"wp:featuredmedia":[{"embeddable":true,"href":"https:\/\/migracao.redenoticia.com.br\/noticia\/wp-json\/wp\/v2\/media\/173626"}],"wp:attachment":[{"href":"https:\/\/migracao.redenoticia.com.br\/noticia\/wp-json\/wp\/v2\/media?parent=175978"}],"wp:term":[{"taxonomy":"category","embeddable":true,"href":"https:\/\/migracao.redenoticia.com.br\/noticia\/wp-json\/wp\/v2\/categories?post=175978"},{"taxonomy":"post_tag","embeddable":true,"href":"https:\/\/migracao.redenoticia.com.br\/noticia\/wp-json\/wp\/v2\/tags?post=175978"}],"curies":[{"name":"wp","href":"https:\/\/api.w.org\/{rel}","templated":true}]}}