{"id":175984,"date":"2019-05-11T18:17:18","date_gmt":"2019-05-11T21:17:18","guid":{"rendered":"https:\/\/www.redenoticia.com.br\/noticia\/?p=175984"},"modified":"2019-05-11T18:17:24","modified_gmt":"2019-05-11T21:17:24","slug":"resumo-novela-cumplices-de-um-resgate-13-05-navarro-entra-no-apartamento-dos-vaz","status":"publish","type":"post","link":"https:\/\/migracao.redenoticia.com.br\/noticia\/2019\/resumo-novela-cumplices-de-um-resgate-13-05-navarro-entra-no-apartamento-dos-vaz\/175984","title":{"rendered":"Resumo novela \u201cC\u00famplices de um Resgate\u201d 13\/05: Navarro entra no apartamento dos Vaz"},"content":{"rendered":"<p><img loading=\"lazy\" decoding=\"async\" class=\"aligncenter size-large wp-image-164526\" src=\"https:\/\/migracao.redenoticia.com.br\/noticia\/imagens\/cumplices-de-um-resgate-001-316x300.jpg\" alt=\"\" width=\"316\" height=\"300\" srcset=\"https:\/\/migracao.redenoticia.com.br\/noticia\/imagens\/cumplices-de-um-resgate-001-316x300.jpg 316w, https:\/\/migracao.redenoticia.com.br\/noticia\/imagens\/cumplices-de-um-resgate-001-197x187.jpg 197w, https:\/\/migracao.redenoticia.com.br\/noticia\/imagens\/cumplices-de-um-resgate-001-150x143.jpg 150w, https:\/\/migracao.redenoticia.com.br\/noticia\/imagens\/cumplices-de-um-resgate-001.jpg 526w\" sizes=\"auto, (max-width: 316px) 100vw, 316px\" \/> Resumo novela \u201cC\u00famplices de um Resgate\u201d 13\/05 : no cap\u00edtulo 091(*) da novela, segunda-feira, 13 de maio, Lu\u00eds avisa Pedro que o dono do haras est\u00e1 voltando para ficar. Sabrina se declara para T\u00e9o, mas o garoto revela que gosta de Manuela. Sabrina fica irritada e vai embora. Regina convida todos da banda para comerem juntos ap\u00f3s o ensaio. Safira fica irritada ao ver Rebeca modelando. Ela briga com Frederico e avisa que a modelo chegou. Joel diz para o filho, Omar, que ele ir\u00e1 junto para o haras. O garoto n\u00e3o gosta da not\u00edcia. Regina leva as crian\u00e7as at\u00e9 uma lanchonete. Isabela sai do apartamento. Navarro e Sandro entram no apartamento dos Vaz. Meire e seu sobrinho, Dinho, acompanham os capangas de Regina por acreditar que eles s\u00e3o fiscais.<\/p>\n<p>A not\u00edcia do suposto namoro entre o pastor Augusto e a professora Flavia se espalha. Nina e Fiorina ficam sabendo e acham a informa\u00e7\u00e3o um absurdo, pois Flavia \u00e9 sobrinha do padre e o pastor \u00e9 evang\u00e9lico. Sabrina escuta Mateus dizer para T\u00e9o que acha que ela jamais conseguir\u00e1 um namorado, pois \u00e9 muito esquisita. Safira consegue as fotos de Rebeca modelando e leva para Ot\u00e1vio com o objetivo de prejudicar ela, mas o empres\u00e1rio diz que adorou as fotos e que ficar\u00e1 com elas. Os capangas avisam Regina que n\u00e3o h\u00e1 ind\u00edcios de que Isabela esteja no apartamento dos Vaz. Joaquim e Julia v\u00e3o ao apartamento de Meire pedir acesso \u00e0s c\u00e2meras de seguran\u00e7a, mas a s\u00edndica nega. Alicia vai ao apartamento de Meire e consegue a senha das c\u00e2meras de seguran\u00e7a para as crian\u00e7as.<\/p>\n<p>(*) edi\u00e7\u00e3o do SBT, Novela \u201cC\u00famplices de um Resgate\u201d, sujeito a altera\u00e7\u00e3o de data e conte\u00fado.<\/p>\n","protected":false},"excerpt":{"rendered":"<p>Resumo novela \u201cC\u00famplices de um Resgate\u201d 13\/05 : no cap\u00edtulo 091(*) da novela, segunda-feira, 13 de maio, Lu\u00eds avisa Pedro que o dono do haras est\u00e1 voltando para ficar. Sabrina se declara para T\u00e9o, mas o garoto revela que gosta de Manuela. Sabrina fica irritada e vai embora. Regina convida todos da banda para comerem [&hellip;]<\/p>\n","protected":false},"author":2,"featured_media":164525,"comment_status":"open","ping_status":"closed","sticky":false,"template":"","format":"standard","meta":{"tdm_status":"","tdm_grid_status":"","footnotes":""},"categories":[379,372,343],"tags":[441],"class_list":{"0":"post-175984","1":"post","2":"type-post","3":"status-publish","4":"format-standard","5":"has-post-thumbnail","7":"category-novelas","8":"category-sbt","9":"category-televisao","10":"tag-resumo-do-dia"},"_links":{"self":[{"href":"https:\/\/migracao.redenoticia.com.br\/noticia\/wp-json\/wp\/v2\/posts\/175984","targetHints":{"allow":["GET"]}}],"collection":[{"href":"https:\/\/migracao.redenoticia.com.br\/noticia\/wp-json\/wp\/v2\/posts"}],"about":[{"href":"https:\/\/migracao.redenoticia.com.br\/noticia\/wp-json\/wp\/v2\/types\/post"}],"author":[{"embeddable":true,"href":"https:\/\/migracao.redenoticia.com.br\/noticia\/wp-json\/wp\/v2\/users\/2"}],"replies":[{"embeddable":true,"href":"https:\/\/migracao.redenoticia.com.br\/noticia\/wp-json\/wp\/v2\/comments?post=175984"}],"version-history":[{"count":0,"href":"https:\/\/migracao.redenoticia.com.br\/noticia\/wp-json\/wp\/v2\/posts\/175984\/revisions"}],"wp:featuredmedia":[{"embeddable":true,"href":"https:\/\/migracao.redenoticia.com.br\/noticia\/wp-json\/wp\/v2\/media\/164525"}],"wp:attachment":[{"href":"https:\/\/migracao.redenoticia.com.br\/noticia\/wp-json\/wp\/v2\/media?parent=175984"}],"wp:term":[{"taxonomy":"category","embeddable":true,"href":"https:\/\/migracao.redenoticia.com.br\/noticia\/wp-json\/wp\/v2\/categories?post=175984"},{"taxonomy":"post_tag","embeddable":true,"href":"https:\/\/migracao.redenoticia.com.br\/noticia\/wp-json\/wp\/v2\/tags?post=175984"}],"curies":[{"name":"wp","href":"https:\/\/api.w.org\/{rel}","templated":true}]}}