{"id":176112,"date":"2019-05-14T20:28:24","date_gmt":"2019-05-14T23:28:24","guid":{"rendered":"https:\/\/www.redenoticia.com.br\/noticia\/?p=176112"},"modified":"2019-05-14T20:35:02","modified_gmt":"2019-05-14T23:35:02","slug":"resumo-novela-por-amor-15-05-atilio-aparece-de-surpresa-na-casa-de-helena","status":"publish","type":"post","link":"https:\/\/migracao.redenoticia.com.br\/noticia\/2019\/resumo-novela-por-amor-15-05-atilio-aparece-de-surpresa-na-casa-de-helena\/176112","title":{"rendered":"Resumo novela \u201cPor Amor\u201d 15\/05: At\u00edlio aparece de surpresa na casa de Helena"},"content":{"rendered":"<p><strong><em><img loading=\"lazy\" decoding=\"async\" class=\"aligncenter size-large wp-image-175307\" src=\"https:\/\/migracao.redenoticia.com.br\/noticia\/imagens\/por-amor-globo-348x300.jpg\" alt=\"\" width=\"348\" height=\"300\" srcset=\"https:\/\/migracao.redenoticia.com.br\/noticia\/imagens\/por-amor-globo-348x300.jpg 348w, https:\/\/migracao.redenoticia.com.br\/noticia\/imagens\/por-amor-globo-217x187.jpg 217w, https:\/\/migracao.redenoticia.com.br\/noticia\/imagens\/por-amor-globo-534x462.jpg 534w, https:\/\/migracao.redenoticia.com.br\/noticia\/imagens\/por-amor-globo.jpg 584w\" sizes=\"auto, (max-width: 348px) 100vw, 348px\" \/>Resumo novela \u201cPor Amor\u201d 15\/05 <\/em><\/strong>: no cap\u00edtulo 013(*) da novela, resumo de quarta-feira, 15 de maio, At\u00edlio surpreende a todos com o contrato milion\u00e1rio assinado. Arnaldo repreende Branca por ousar demiti-lo s\u00f3 por capricho. Milena faz Fernando perder o v\u00f4o de helic\u00f3ptero e d\u00e1 em cima dele. Branca vai at\u00e9 \u00e0 sala de At\u00edlio pedir desculpas. Ele adverte que n\u00e3o admite interfer\u00eancia em sua vida pessoal. Milena chega com Fernando em casa, os dois ensopados de chuva. At\u00edlio aparece de surpresa com flores na casa de Helena. Tadinha conta a ele que a patroa estava desesperada por um telefonema. Os dois se encontram, se abra\u00e7am com for\u00e7a e se beijam.<\/p>\n<p>(*) edi\u00e7\u00e3o da Rede Globo, Novela \u201cPor Amor\u201d, sujeito a altera\u00e7\u00e3o de data e conte\u00fado.<\/p>\n<p>Sinopse: \u201cO que voc\u00ea faria por amor?\u201d Maria Eduarda (Gabriela Duarte) e sua m\u00e3e, Helena (Regina Duarte), viajam juntas por motivos opostos: a jovem despede-se da vida de solteira, e Helena procura esquecer o fim de um namoro. Elas conhecem o brilhante arquiteto At\u00edlio (Antonio Fagundes), tamb\u00e9m brasileiro.<\/p>\n<p>Enquanto isso, Marcelo desperta as maiores inseguran\u00e7as em sua futura esposa, Maria Eduarda. M\u00e3e e filha engravidam na mesma \u00e9poca e v\u00e3o para a maternidade juntas. Eduarda perde o \u00fatero no parto e d\u00e1 \u00e0 luz um beb\u00ea doente, que morre logo em seguida. Helena, por sua vez, d\u00e1 \u00e0 luz uma crian\u00e7a saud\u00e1vel e implora para que C\u00e9sar (Marcelo Serrado) \u2013 o m\u00e9dico amigo que as atendia \u2013 troque as crian\u00e7as. No \u00faltimo cap\u00edtulo todos descobrem a troca das crian\u00e7as.<\/p>\n","protected":false},"excerpt":{"rendered":"<p>Resumo novela \u201cPor Amor\u201d 15\/05 : no cap\u00edtulo 013(*) da novela, resumo de quarta-feira, 15 de maio, At\u00edlio surpreende a todos com o contrato milion\u00e1rio assinado. Arnaldo repreende Branca por ousar demiti-lo s\u00f3 por capricho. Milena faz Fernando perder o v\u00f4o de helic\u00f3ptero e d\u00e1 em cima dele. Branca vai at\u00e9 \u00e0 sala de At\u00edlio [&hellip;]<\/p>\n","protected":false},"author":4,"featured_media":175308,"comment_status":"open","ping_status":"closed","sticky":false,"template":"","format":"standard","meta":{"tdm_status":"","tdm_grid_status":"","footnotes":""},"categories":[379,375,343],"tags":[441],"class_list":{"0":"post-176112","1":"post","2":"type-post","3":"status-publish","4":"format-standard","5":"has-post-thumbnail","7":"category-novelas","8":"category-rede-globo","9":"category-televisao","10":"tag-resumo-do-dia"},"_links":{"self":[{"href":"https:\/\/migracao.redenoticia.com.br\/noticia\/wp-json\/wp\/v2\/posts\/176112","targetHints":{"allow":["GET"]}}],"collection":[{"href":"https:\/\/migracao.redenoticia.com.br\/noticia\/wp-json\/wp\/v2\/posts"}],"about":[{"href":"https:\/\/migracao.redenoticia.com.br\/noticia\/wp-json\/wp\/v2\/types\/post"}],"author":[{"embeddable":true,"href":"https:\/\/migracao.redenoticia.com.br\/noticia\/wp-json\/wp\/v2\/users\/4"}],"replies":[{"embeddable":true,"href":"https:\/\/migracao.redenoticia.com.br\/noticia\/wp-json\/wp\/v2\/comments?post=176112"}],"version-history":[{"count":0,"href":"https:\/\/migracao.redenoticia.com.br\/noticia\/wp-json\/wp\/v2\/posts\/176112\/revisions"}],"wp:featuredmedia":[{"embeddable":true,"href":"https:\/\/migracao.redenoticia.com.br\/noticia\/wp-json\/wp\/v2\/media\/175308"}],"wp:attachment":[{"href":"https:\/\/migracao.redenoticia.com.br\/noticia\/wp-json\/wp\/v2\/media?parent=176112"}],"wp:term":[{"taxonomy":"category","embeddable":true,"href":"https:\/\/migracao.redenoticia.com.br\/noticia\/wp-json\/wp\/v2\/categories?post=176112"},{"taxonomy":"post_tag","embeddable":true,"href":"https:\/\/migracao.redenoticia.com.br\/noticia\/wp-json\/wp\/v2\/tags?post=176112"}],"curies":[{"name":"wp","href":"https:\/\/api.w.org\/{rel}","templated":true}]}}