{"id":176171,"date":"2019-05-30T21:24:20","date_gmt":"2019-05-31T00:24:20","guid":{"rendered":"https:\/\/www.redenoticia.com.br\/noticia\/?p=176171"},"modified":"2019-05-30T21:25:06","modified_gmt":"2019-05-31T00:25:06","slug":"novela-orfaos-da-terra-paul-liberta-fauze","status":"publish","type":"post","link":"https:\/\/migracao.redenoticia.com.br\/noticia\/2019\/novela-orfaos-da-terra-paul-liberta-fauze\/176171","title":{"rendered":"Novela \u201c\u00d3rf\u00e3os da Terra\u201d: Paul liberta Fauze"},"content":{"rendered":"<p><strong><em><img loading=\"lazy\" decoding=\"async\" class=\"aligncenter size-large wp-image-174198\" src=\"https:\/\/migracao.redenoticia.com.br\/noticia\/imagens\/orfaos-da-terra-05-300x300.jpg\" alt=\"\" width=\"300\" height=\"300\" srcset=\"https:\/\/migracao.redenoticia.com.br\/noticia\/imagens\/orfaos-da-terra-05-300x300.jpg 300w, https:\/\/migracao.redenoticia.com.br\/noticia\/imagens\/orfaos-da-terra-05-187x187.jpg 187w, https:\/\/migracao.redenoticia.com.br\/noticia\/imagens\/orfaos-da-terra-05.jpg 453w\" sizes=\"auto, (max-width: 300px) 100vw, 300px\" \/><\/em><\/strong><\/p>\n<p><strong><em>Novela \u201c\u00d3rf\u00e3os da Terra\u201d:<\/em><\/strong> Fauze (Kaysar Dadour) tenta matar Dalila (Alice Wegman) no L\u00edbano e \u00e9 impedido por Youssef (Allan de Souza Lima). A inten\u00e7\u00e3o do vil\u00e3o foi se vingar, j\u00e1 que Aziz (Herson Capri), antes de morrer, o largou para mofar em uma pris\u00e3o brasileira e Dalila o ignorou. Fauze \u00e9 preso novamente, no L\u00edbano.<\/p>\n<p>Dalila se afasta de Youssef e se alia a Paul (Carmo Dalla Vecchia). Ele \u00e9 apaixonado pela vil\u00e3, a ajuda a se vingar da fam\u00edlia de Laila (Julia Dalavia) e, durante uma briga, Dalila deixa claro que Paul n\u00e3o passa de um empregado e que, se falhar, ela o demite.<\/p>\n<p>Sem explicar seus planos, Paul fica ressabiado e pede para o advogado de Dalila no Brasil contratar um profissional de primeira linha para soltar Fauze. O vil\u00e3o sai da pris\u00e3o, o delegado Almeidinha (Danton Mello) \u00e9 informado e fica preocupado.<\/p>\n<p>Novela \u201c\u00d3rf\u00e3os da Terra\u201d &#8211; A hist\u00f3ria se inicia na S\u00edria, onde Missade (Ana Cec\u00edlia Costa) e Elias (Marco Ricca) vivem com seus filhos Laila (Julia Dalavia) e Khaled (Rodrigo Vidal) at\u00e9 serem v\u00edtimas da guerra e terem que se refugiar no L\u00edbano. Com o irm\u00e3o gravemente ferido e a fam\u00edlia presa num campo de concentra\u00e7\u00e3o, Laila aceita se casar com o sheik Aziz (Herson Capri) \u2013 um homem cruel e muito mais velho \u2013 em troca de dinheiro para pagar o tratamento m\u00e9dico.<\/p>\n<p>Por\u00e9m, o menino falece e a mo\u00e7a decide fugir para o Brasil com seus pais na noite de n\u00fapcias, antes do casamento ser consumado, indo morar com seus tios, R\u00e2nia (Eliane Giardini) e Miguel (Paulo Betti). Irritado, o sheik manda Jammil (Renato G\u00f3es), seu bra\u00e7o-direito e noivo de sua filha, Dalila (Alice Wegmann), buscar a mo\u00e7a e traz\u00ea-la a for\u00e7a, por\u00e9m os dois acabam se apaixonando e se tornam fugitivos da fam\u00edlia Abdallah.<\/p>\n","protected":false},"excerpt":{"rendered":"<p>Novela \u201c\u00d3rf\u00e3os da Terra\u201d: Fauze (Kaysar Dadour) tenta matar Dalila (Alice Wegman) no L\u00edbano e \u00e9 impedido por Youssef (Allan de Souza Lima). A inten\u00e7\u00e3o do vil\u00e3o foi se vingar, j\u00e1 que Aziz (Herson Capri), antes de morrer, o largou para mofar em uma pris\u00e3o brasileira e Dalila o ignorou. Fauze \u00e9 preso novamente, no [&hellip;]<\/p>\n","protected":false},"author":2,"featured_media":173640,"comment_status":"open","ping_status":"closed","sticky":false,"template":"","format":"standard","meta":{"tdm_status":"","tdm_grid_status":"","footnotes":""},"categories":[379,540,375,343],"tags":[440],"class_list":{"0":"post-176171","1":"post","2":"type-post","3":"status-publish","4":"format-standard","5":"has-post-thumbnail","7":"category-novelas","8":"category-orfaos-da-terra","9":"category-rede-globo","10":"category-televisao","11":"tag-noticia-novela"},"_links":{"self":[{"href":"https:\/\/migracao.redenoticia.com.br\/noticia\/wp-json\/wp\/v2\/posts\/176171","targetHints":{"allow":["GET"]}}],"collection":[{"href":"https:\/\/migracao.redenoticia.com.br\/noticia\/wp-json\/wp\/v2\/posts"}],"about":[{"href":"https:\/\/migracao.redenoticia.com.br\/noticia\/wp-json\/wp\/v2\/types\/post"}],"author":[{"embeddable":true,"href":"https:\/\/migracao.redenoticia.com.br\/noticia\/wp-json\/wp\/v2\/users\/2"}],"replies":[{"embeddable":true,"href":"https:\/\/migracao.redenoticia.com.br\/noticia\/wp-json\/wp\/v2\/comments?post=176171"}],"version-history":[{"count":0,"href":"https:\/\/migracao.redenoticia.com.br\/noticia\/wp-json\/wp\/v2\/posts\/176171\/revisions"}],"wp:featuredmedia":[{"embeddable":true,"href":"https:\/\/migracao.redenoticia.com.br\/noticia\/wp-json\/wp\/v2\/media\/173640"}],"wp:attachment":[{"href":"https:\/\/migracao.redenoticia.com.br\/noticia\/wp-json\/wp\/v2\/media?parent=176171"}],"wp:term":[{"taxonomy":"category","embeddable":true,"href":"https:\/\/migracao.redenoticia.com.br\/noticia\/wp-json\/wp\/v2\/categories?post=176171"},{"taxonomy":"post_tag","embeddable":true,"href":"https:\/\/migracao.redenoticia.com.br\/noticia\/wp-json\/wp\/v2\/tags?post=176171"}],"curies":[{"name":"wp","href":"https:\/\/api.w.org\/{rel}","templated":true}]}}