{"id":176253,"date":"2019-05-16T22:28:52","date_gmt":"2019-05-17T01:28:52","guid":{"rendered":"https:\/\/www.redenoticia.com.br\/noticia\/?p=176253"},"modified":"2019-05-16T22:37:45","modified_gmt":"2019-05-17T01:37:45","slug":"resumo-novela-o-setimo-guardiao-16-05","status":"publish","type":"post","link":"https:\/\/migracao.redenoticia.com.br\/noticia\/2019\/resumo-novela-o-setimo-guardiao-16-05\/176253","title":{"rendered":"Resumo novela \u201cO S\u00e9timo Guardi\u00e3o\u201d 16\/05: pen\u00faltimo cap\u00edtulo"},"content":{"rendered":"<p><strong><em><img loading=\"lazy\" decoding=\"async\" class=\"aligncenter size-large wp-image-159064\" src=\"https:\/\/migracao.redenoticia.com.br\/noticia\/imagens\/o-setimo-guardiao-121-334x300.jpg\" alt=\"\" width=\"334\" height=\"300\" srcset=\"https:\/\/migracao.redenoticia.com.br\/noticia\/imagens\/o-setimo-guardiao-121-334x300.jpg 334w, https:\/\/migracao.redenoticia.com.br\/noticia\/imagens\/o-setimo-guardiao-121-208x187.jpg 208w, https:\/\/migracao.redenoticia.com.br\/noticia\/imagens\/o-setimo-guardiao-121-150x135.jpg 150w, https:\/\/migracao.redenoticia.com.br\/noticia\/imagens\/o-setimo-guardiao-121.jpg 548w\" sizes=\"auto, (max-width: 334px) 100vw, 334px\" \/>Resumo novela \u201cO S\u00e9timo Guardi\u00e3o\u201d 16\/05 <\/em><\/strong>: o cap\u00edtulo 160(*) da novela, resumo quinta-feira, 16 de maio, n\u00e3o foi divulgado, mas not\u00edcias indicam que Mirtes visita Stela. Luciana assume o cabar\u00e9. Gabriel passa informa\u00e7\u00f5es para Feij\u00e3o. Nicolau permite casamento e viagem de Diana. Ramiro (Ailton Gra\u00e7a) se hospeda no casar\u00e3o por medo de ser a pr\u00f3xima v\u00edtima. Judith (Isabela Garcia) oferece um ch\u00e1, Gabriel (Bruno Gagliasso) pega a bebida e diz que ele mesmo ir\u00e1 tom\u00e1-la. Judith d\u00e1 um salto e derruba a x\u00edcara.<\/p>\n<p>Em seguida, Gabriel a encontra na cozinha, pergunta por que ela n\u00e3o levou outro ch\u00e1 e ela explica: \u201cTambe?m na?o levei o do padre. Infelizmente. O seu eu tomei\u2026 Seu pai me mandou fazer isso, assim como mandou matar voce?s todos. A ideia era matar os sete. Mas sobraram dois. Eu fracassei. E fui punida por isso\u201d.<\/p>\n<p>Murilo (Eduardo Moscovis) a questiona: \u201cTomou o veneno e vai morrer daqui a pouco, na?o e??\u201d. Ele quer saber por que Egi?dio (Antonio Calloni) mandou matar os guardi\u00f5es e ela explica: \u201cNo dia em que invadiram o casara?o. Voce?s na?o conseguiram manter o segredo da fonte e tinham que morrer por causa disso\u2026Protejam\u2026 A a?gua\u201d. Judith morre.<\/p>\n<p>&#8212;<\/p>\n<p>Marilda (Let\u00edcia Spiller) rouba o dinheiro de corrup\u00e7\u00e3o que Eurico (Dan Stulbach) escondeu de toda a fam\u00edlia. O prefeito interroga a mulher, mas ela n\u00e3o assume o roubo. Eurico procura Olavo (Tony Ramos) e exige que ele adiante sua parte no neg\u00f3cio da fonte milagrosa. O empres\u00e1rio nega o pedido e o prefeito tenta impedir que Olavo escave a gruta do casar\u00e3o de Eg\u00eddio (Antonio Calloni).<\/p>\n<p>Eurico avisa Gabriel (Bruno Gagliasso) que o vil\u00e3o est\u00e1 prestes a entrar com as m\u00e1quinas e Olavo manda Sampaio (Marcello Novaes) matar o prefeito: \u201cVai l\u00e1 e d\u00e1 um tiro naquele cachorro!\u201d. O pol\u00edtico leva um tiro no ombro.<\/p>\n<p>(*) edi\u00e7\u00e3o da Rede Globo, Novela \u201cO S\u00e9timo Guardi\u00e3o\u201d, sujeito a altera\u00e7\u00e3o de data e conte\u00fado.<\/p>\n<p>Sinopse \u201cO S\u00e9timo Guardi\u00e3o\u201d: \u00c0 primeira vista, Serro Azul pode parecer apenas mais uma t\u00edpica cidade do interior, pacata e cercada por montanhas, onde avan\u00e7os tecnol\u00f3gicos como internet e telefonia celular ainda n\u00e3o chegaram. Um lugar pelo qual quem passa n\u00e3o d\u00e1 muita aten\u00e7\u00e3o, sem saber o que est\u00e1 perdendo, afinal, uma cidade que \u00e9 vizinha de Greenville e Tubiancanga n\u00e3o poderia deixar de ter suas peculiaridades.<\/p>\n<p>A principal delas \u00e9 uma fonte com propriedades curativas e rejuvenescedoras, que \u00e9 a parte mais externa de um gigantesco aqu\u00edfero, uma enorme reserva daquilo que a cada dia se torna o bem mais precioso da Terra: a \u00e1gua. Essa fonte \u00e9 protegida por sete guardi\u00e3es que t\u00eam como miss\u00e3o garantir que essa riqueza n\u00e3o chegue \u00e0s m\u00e3os erradas.<\/p>\n","protected":false},"excerpt":{"rendered":"<p>Resumo novela \u201cO S\u00e9timo Guardi\u00e3o\u201d 16\/05 : o cap\u00edtulo 160(*) da novela, resumo quinta-feira, 16 de maio, n\u00e3o foi divulgado, mas not\u00edcias indicam que Mirtes visita Stela. Luciana assume o cabar\u00e9. Gabriel passa informa\u00e7\u00f5es para Feij\u00e3o. Nicolau permite casamento e viagem de Diana. Ramiro (Ailton Gra\u00e7a) se hospeda no casar\u00e3o por medo de ser a [&hellip;]<\/p>\n","protected":false},"author":2,"featured_media":154961,"comment_status":"open","ping_status":"closed","sticky":false,"template":"","format":"standard","meta":{"tdm_status":"","tdm_grid_status":"","footnotes":""},"categories":[379,530,375,343],"tags":[441],"class_list":{"0":"post-176253","1":"post","2":"type-post","3":"status-publish","4":"format-standard","5":"has-post-thumbnail","7":"category-novelas","8":"category-o-setimo-guardiao","9":"category-rede-globo","10":"category-televisao","11":"tag-resumo-do-dia"},"_links":{"self":[{"href":"https:\/\/migracao.redenoticia.com.br\/noticia\/wp-json\/wp\/v2\/posts\/176253","targetHints":{"allow":["GET"]}}],"collection":[{"href":"https:\/\/migracao.redenoticia.com.br\/noticia\/wp-json\/wp\/v2\/posts"}],"about":[{"href":"https:\/\/migracao.redenoticia.com.br\/noticia\/wp-json\/wp\/v2\/types\/post"}],"author":[{"embeddable":true,"href":"https:\/\/migracao.redenoticia.com.br\/noticia\/wp-json\/wp\/v2\/users\/2"}],"replies":[{"embeddable":true,"href":"https:\/\/migracao.redenoticia.com.br\/noticia\/wp-json\/wp\/v2\/comments?post=176253"}],"version-history":[{"count":0,"href":"https:\/\/migracao.redenoticia.com.br\/noticia\/wp-json\/wp\/v2\/posts\/176253\/revisions"}],"wp:featuredmedia":[{"embeddable":true,"href":"https:\/\/migracao.redenoticia.com.br\/noticia\/wp-json\/wp\/v2\/media\/154961"}],"wp:attachment":[{"href":"https:\/\/migracao.redenoticia.com.br\/noticia\/wp-json\/wp\/v2\/media?parent=176253"}],"wp:term":[{"taxonomy":"category","embeddable":true,"href":"https:\/\/migracao.redenoticia.com.br\/noticia\/wp-json\/wp\/v2\/categories?post=176253"},{"taxonomy":"post_tag","embeddable":true,"href":"https:\/\/migracao.redenoticia.com.br\/noticia\/wp-json\/wp\/v2\/tags?post=176253"}],"curies":[{"name":"wp","href":"https:\/\/api.w.org\/{rel}","templated":true}]}}